{"id":249561,"date":"2021-01-03T18:01:32","date_gmt":"2021-01-03T17:01:32","guid":{"rendered":"https:\/\/www.dragonstreetphotography.eu\/?p=249561"},"modified":"2025-01-19T16:18:35","modified_gmt":"2025-01-19T15:18:35","slug":"photographier-les-plantes-et-les-fleurs","status":"publish","type":"post","link":"https:\/\/www.dragonstreetphotography.eu\/fr\/photographier-les-plantes-et-les-fleurs\/","title":{"rendered":"Photographier les plantes et les fleurs"},"content":{"rendered":"\n<p data-block-type=\"core\">En tant que photographe de Nature, je souhaite pour cette nouvelle ann\u00e9e, partager avec vous ma vision et mon int\u00e9r\u00eat pour les plantes et les fleurs.&nbsp;Les amoureux de la nature \u00e9prouvent une certaine fascination, quelque chose de particulier \u00e0 l\u2019\u00e9gard de m\u00e8re nature! &nbsp;Alors pourquoi ne pas photographier les plantes et les fleurs ?&nbsp;<\/p>\n\n\n\n<p data-block-type=\"core\">Selon notre monde d\u2019appartenance, l\u2019appr\u00e9ciation des plantes va \u00eatre tr\u00e8s diff\u00e9rente. En effet il y a mille fa\u00e7ons d\u2019appr\u00e9cier une plante ou une fleur !&nbsp;Dans le monde du soin, les plantes soignent, soulagent, gu\u00e9rissent, dans le monde de la guerre, elles peuvent empoisonner et tuer, dans le monde de litt\u00e9raire et philosophique, elles inspirent&nbsp;et symbolisent, dans le monde de l\u2019art, elles embellissent et fascinent !<\/p>\n\n\n\n<p data-block-type=\"core\">Pour les photographes de nature nous serions plut\u00f4t dans la fascination, la curiosit\u00e9. Capturer leur beaut\u00e9 et <strong>transmettre une \u00e9motion, un effet &#x1f62e; !<\/strong><\/p>\n\n\n\n<p data-block-type=\"core\">Comme l\u2019\u00e0 dit <strong><em>Confucius<\/em><\/strong>,<\/p>\n\n\n\n<blockquote class=\"wp-block-stackable-blockquote stk-block-blockquote stk-block stk-cb40288 is-style-default\" data-v=\"2\" data-block-id=\"cb40288\"><style>.stk-cb40288 {margin-bottom:50px !important;}.stk-cb40288-container{background-color:var(--theme-palette-color-1, #1f093c) !important;}.stk-cb40288-container:before{background-color:var(--theme-palette-color-1, #1f093c) !important;}<\/style><div class=\"has-text-align-left stk-block-blockquote__content stk-container stk-cb40288-container stk-hover-parent\"><div class=\"stk-block-content stk-inner-blocks\">\n<div class=\"wp-block-stackable-icon stk-block-icon stk-block stk-2296a63\" data-block-id=\"2296a63\"><style>.stk-2296a63 .stk--svg-wrapper .stk--inner-svg svg:last-child, .stk-2296a63 .stk--svg-wrapper .stk--inner-svg svg:last-child :is(g, path, rect, polygon, ellipse){fill:var(--theme-palette-color-3, #d60a4e) !important;}<\/style><span class=\"stk--svg-wrapper\"><div class=\"stk--inner-svg\"><svg style=\"height:0;width:0\"><defs><linearGradient id=\"linear-gradient-2296a63\" x1=\"0\" x2=\"100%\" y1=\"0\" y2=\"0\"><stop offset=\"0%\" style=\"stop-opacity:1;stop-color:var(--linear-gradient-2296-a-63-color-1)\"><\/stop><stop offset=\"100%\" style=\"stop-opacity:1;stop-color:var(--linear-gradient-2296-a-63-color-2)\"><\/stop><\/linearGradient><\/defs><\/svg><svg xmlns=\"http:\/\/www.w3.org\/2000\/svg\" viewBox=\"0 0 50 50\" aria-hidden=\"true\" width=\"32\" height=\"32\"><path d=\"M19.8 9.3C10.5 11.8 4.6 17 2.1 24.8c2.3-3.6 5.6-5.4 9.9-5.4 3.3 0 6 1.1 8.3 3.3 2.2 2.2 3.4 5 3.4 8.3 0 3.2-1.1 5.8-3.3 8-2.2 2.2-5.1 3.2-8.7 3.2-3.7 0-6.5-1.2-8.6-3.5C1 36.3 0 33.1 0 29 0 18.3 6.5 11.2 19.6 7.9l.2 1.4zm26.4 0C36.9 11.9 31 17 28.5 24.8c2.2-3.6 5.5-5.4 9.8-5.4 3.2 0 6 1.1 8.3 3.2 2.3 2.2 3.4 4.9 3.4 8.3 0 3.1-1.1 5.8-3.3 7.9-2.2 2.2-5.1 3.3-8.6 3.3-3.7 0-6.6-1.1-8.6-3.4-2.1-2.3-3.1-5.5-3.1-9.7 0-10.7 6.6-17.8 19.7-21.1l.1 1.4z\"><\/path><\/svg><\/div><\/span><\/div>\n\n\n\n<div class=\"wp-block-stackable-text stk-block-text stk-block stk-fa45318\" data-block-id=\"fa45318\"><style>.stk-fa45318 .stk-block-text__text{font-size:25px !important;color:var(--theme-palette-color-8, #ffffff) !important;}@media screen and (max-width:999px){.stk-fa45318 .stk-block-text__text{font-size:25px !important;}}<\/style><p class=\"stk-block-text__text has-text-color has-palette-color-8-color has-text-align-left\"><strong>Une image vaut mille mots !<\/strong><\/p><\/div>\n<\/div><\/div><\/blockquote>\n\n\n\n<nav class=\"wp-block-stackable-table-of-contents stk-block-table-of-contents stk-block stk-525d26f stk-block-background\" data-block-id=\"525d26f\"><style>.stk-525d26f .stk-table-of-contents__table{column-count:1 !important;}html{scroll-behavior:smooth !important;}.stk-525d26f .stk-table-of-contents__title{font-size:20px !important;color:var(--theme-palette-color-1, #1f093c) !important;font-weight:bold !important;}.stk-525d26f {background-color:var(--theme-palette-color-5, #e1e8ed) !important;border-top-left-radius:5px !important;border-top-right-radius:5px !important;border-bottom-right-radius:5px !important;border-bottom-left-radius:5px !important;overflow:hidden !important;box-shadow:0px 5px 5px 1px #00000040 !important;border-style:solid !important;border-color:var(--theme-palette-color-2, #a6003c  ) !important;border-top-width:1px !important;border-right-width:1px !important;border-bottom-width:1px !important;border-left-width:1px !important;margin-bottom:50px !important;}.stk-525d26f:before{background-color:var(--theme-palette-color-5, #e1e8ed) !important;}@media screen and (max-width:999px){.stk-525d26f .stk-table-of-contents__title{font-size:20px !important;}}<\/style><p class=\"stk-table-of-contents__title has-text-color\">Sommaire <\/p><ul class=\"stk-table-of-contents__table\"><li><a href=\"#1-pourquoi-photographier-les-plantes-et-les-fleurs\">1. Pourquoi photographier les plantes et les fleurs ?<\/a><\/li><li><a href=\"#2-pourquoi-et-comment-choisir-telles-plantes-ou-telles-fleurs\">2. Pourquoi et comment choisir telles plantes ou telles fleurs ?<\/a><\/li><li><a href=\"#3-comment-transmettre-son-message\">3. Comment transmettre son message ?<\/a><\/li><li><a href=\"#4-conseils-pour-photographier-les-plantes-et-les-fleurs\">4. Conseils pour photographier les plantes et les fleurs<\/a><\/li><\/ul><\/nav>\n\n\n\n<div class=\"wp-block-stackable-heading stk-block-heading stk-block-heading--v2 stk-block stk-b679e3a\" id=\"1-pourquoi-photographier-les-plantes-et-les-fleurs\" data-block-id=\"b679e3a\"><style>.stk-b679e3a .stk-block-heading__bottom-line{background-color:var(--theme-palette-color-2, #a6003c  ) !important;}<\/style><h2 class=\"stk-block-heading__text\">1. Pourquoi photographier les plantes et les fleurs ?<\/h2><div class=\"stk-block-heading__bottom-line\"><\/div><\/div>\n\n\n\n<p data-block-type=\"core\">Combien d\u2019artistes, peintres et photographes ont pris pour sujet les plantes et les fleurs ?<\/p>\n\n\n\n<p data-block-type=\"core\">Les botanistes sont fascin\u00e9s par le pouvoir th\u00e9rapeutique qui se cache derri\u00e8re ces formes et ces couleurs, les litt\u00e9raires et l\u2019histoire d\u00e9crivent le symbolisme des fleurs (ex: le Lys de la royaut\u00e9), <strong>les peintres et les photographes vont tenter de transmette un message, un t\u00e9moignage, une \u00e9motion, en somme une histoire.<\/strong><\/p>\n\n\n\n<p data-block-type=\"core\">Tous ces mondes bien diff\u00e9rents restent li\u00e9s par les plantes et les fleurs. Consciemment ou inconsciemment, plantes et fleurs nous relient tous autant que nous sommes &nbsp;!&nbsp;<\/p>\n\n\n\n<p data-block-type=\"core\">D\u00e8s l\u2019Antiquit\u00e9, les plantes ont fait couler beaucoup d\u2019encre ! Aristote, Platon, dans leurs r\u00e9flexions th\u00e9oriques, Hippocrate et Galien dans l\u2019art m\u00e9dical ont beaucoup \u00e9crit sur le sujet.&nbsp;<strong>Les plantes \u00e9taient alors le lien<\/strong> entre les dieux, les astres, les hommes et les animaux.<\/p>\n\n\n\n<p data-block-type=\"core\">Probablement plus d\u2019\u00e9crits romanesques et po\u00e9tiques ont \u00e9t\u00e9 inspir\u00e9s des fleurs. La litt\u00e9rature regorge de comparaison entre la femme, l\u2019amour, les fleurs et leurs parfums. Peut-\u00eatre est-ce la raison pour laquelle nos offrons des fleurs pour t\u00e9moigner nos \u00e9motions et notre amour \u00e0 quelqu\u2019un ?&nbsp;<\/p>\n\n\n\n<p data-block-type=\"core\">Il parait donc tout \u00e0 fait normal que les photographes de nature soient attir\u00e9s par les plantes et les fleurs. <strong>Selon le message \u00e0 transmettre et quelque soit l\u2019\u00e9poque, le dessin, la peinture, l\u2019image est une transmission, une communication, finalement une n\u00e9cessit\u00e9 (humaine?)<\/strong>.<\/p>\n\n\n\n<p data-block-type=\"core\">Que ce soit pour l\u2019illustration d\u2019ouvrages botaniques, un moyen d\u2019expression pour les artistes, ou une communication publicitaire et commerciale, les messages sont diff\u00e9rents mais bien pr\u00e9sents via l\u2019image.<\/p>\n\n\n\n<p data-block-type=\"core\"><strong>Une seule image peut transmettre beaucoup d\u2019information. De nos jours, la photographie est partout, et \u00e0 mon sens l\u2019art photographique est le langage du message !<\/strong><\/p>\n\n\n\n<div class=\"wp-block-stackable-text stk-block-text stk-block stk-52d091a\" data-block-id=\"52d091a\"><style>.stk-52d091a {margin-bottom:50px !important;}<\/style><p class=\"stk-block-text__text\">Je vous invite \u00e0 visiter les sites de photographes tels que&nbsp;<a href=\"https:\/\/www.hisuzanne.com\" target=\"_blank\" rel=\"noreferrer noopener\">Susanne Saroff<\/a>,&nbsp;<a href=\"https:\/\/store.jamesnelson.info\" target=\"_blank\" rel=\"noreferrer noopener\">James Nelson<\/a>,&nbsp;<a href=\"https:\/\/www.monakuhn.com\/portfolio\/works\/\" target=\"_blank\" rel=\"noreferrer noopener\">Mona Kuhn<\/a>,&nbsp;<a href=\"https:\/\/www.1718paris.com\/artists\/doan-ly\" target=\"_blank\" rel=\"noreferrer noopener\">Doan Ly<\/a>&nbsp;qui vont mettre en sc\u00e8ne plantes et fleurs dans leurs communications. On peut se rendre compte que chaque artiste pr\u00e9sente style et un message particulier.<\/p><\/div>\n\n\n\n<div class=\"wp-block-stackable-heading stk-block-heading stk-block-heading--v2 stk-block stk-9cbe7e2\" id=\"2-pourquoi-et-comment-choisir-telles-plantes-ou-telles-fleurs\" data-block-id=\"9cbe7e2\"><style>.stk-9cbe7e2 .stk-block-heading__bottom-line{background-color:var(--theme-palette-color-2, #a6003c  ) !important;}<\/style><h2 class=\"stk-block-heading__text\">2. Pourquoi et comment choisir telles plantes ou telles fleurs ?<\/h2><div class=\"stk-block-heading__bottom-line\"><\/div><\/div>\n\n\n\n<div class=\"wp-block-stackable-columns stk-block-columns stk-block stk-3312063\" data-block-id=\"3312063\"><div class=\"stk-row stk-inner-blocks stk-block-content stk-content-align stk-3312063-column\">\n<div class=\"wp-block-stackable-column stk-block-column stk-column stk-block stk-13e1a38\" data-v=\"4\" data-block-id=\"13e1a38\"><style>.stk-13e1a38 {align-self:center !important;}<\/style><div class=\"stk-column-wrapper stk-block-column__content stk-container stk-13e1a38-container stk--no-background stk--no-padding\"><div class=\"stk-block-content stk-inner-blocks stk-13e1a38-inner-blocks\">\n<div class=\"wp-block-stackable-text stk-block-text stk-block stk-611e1e7\" data-block-id=\"611e1e7\"><p class=\"stk-block-text__text\">Fleurs et plantes sont des sujets de curiosit\u00e9 et de philosophie depuis l\u2019Antiquit\u00e9. Que ce soit sur l\u2019aspect th\u00e9rapeutique, spirituel, ou artistique.<\/p><\/div>\n\n\n\n<div class=\"wp-block-stackable-text stk-block-text stk-block stk-d1128a2\" data-block-id=\"d1128a2\"><p class=\"stk-block-text__text\">Fleurs et plantes sont depuis la nuit des temps empruntes d\u2019un symbolisme, d\u2019une valeur ou d\u2019une \u00e9motion. Prenons par exemple de Lys, (ou plus exactement l\u2019Iris) qui est le symbole de la royaut\u00e9. Ce serait le premier symbole des rois francs datant du IX si\u00e8cle, suite \u00e0 une bataille remport\u00e9 par Clovis contre les Wisigoths aux abords d\u2019une rivi\u00e8re bord\u00e9e d\u2019Iris jaunes.&nbsp;<\/p><\/div>\n\n\n\n<div class=\"wp-block-stackable-text stk-block-text stk-block stk-2bbe792\" data-block-id=\"2bbe792\"><p class=\"stk-block-text__text\">Rien que cette fleur, regroupe le symbole de la royaut\u00e9 fran\u00e7aise, mais aussi d\u2019une connotation religieuse, de puret\u00e9, d\u2019amour, de f\u00e9condit\u00e9.<\/p><\/div>\n\n\n\n<div class=\"wp-block-stackable-text stk-block-text stk-block stk-5376da5\" data-block-id=\"5376da5\"><p class=\"stk-block-text__text\">De plus, l\u2019iris, signifie sagesse, confiance, espoir et courage chez les Grecs et les Egyptiens. On peut constater une foule de messages rien que pour une fleur et cela jusqu\u2019\u00e0 aujourd\u2019hui !<\/p><\/div>\n\n\n\n<div class=\"wp-block-stackable-text stk-block-text stk-block stk-4b33949\" data-block-id=\"4b33949\"><p class=\"stk-block-text__text\">Un autre exemple : l\u2019immortelle, ou helicrysum, symbolise l\u2019immortalit\u00e9, car tr\u00e8s r\u00e9sistante et ne fane pas ou tr\u00e8s difficilement. Elle repr\u00e9sente donc, la constance, l\u2019amour sans fin, la gloire, l\u2019\u00e9ternit\u00e9, par sa couleur jaune d\u2019or tels les rayons du soleil.<\/p><\/div>\n<\/div><\/div><\/div>\n\n\n\n<div class=\"wp-block-stackable-column stk-block-column stk-column stk-block stk-061789b\" data-v=\"4\" data-block-id=\"061789b\"><div class=\"stk-column-wrapper stk-block-column__content stk-container stk-061789b-container stk--no-background stk--no-padding\"><div class=\"stk-block-content stk-inner-blocks stk-061789b-inner-blocks\">\n<div class=\"wp-block-stackable-image stk-block-image stk-block stk-add5ef9 stk-block-background\" data-block-id=\"add5ef9\"><style>.stk-add5ef9 .stk-img-figcaption{text-align:center !important;font-size:12px !important;}.stk-add5ef9 {background-color:var(--theme-palette-color-5, #e1e8ed) !important;box-shadow:0px 70px 90px -20px #4849794d !important;margin-bottom:10px !important;}.stk-add5ef9:before{background-color:var(--theme-palette-color-5, #e1e8ed) !important;}@media screen and (max-width:999px){.stk-add5ef9 .stk-img-figcaption{font-size:12px !important;}}<\/style><figure><span class=\"stk-img-wrapper stk-image--shape-stretch\"><img loading=\"lazy\" decoding=\"async\" class=\"stk-img wp-image-249624\" src=\"https:\/\/www.dragonstreetphotography.eu\/wp-content\/uploads\/2021\/01\/Limmortelle.jpg\" width=\"1000\" height=\"667\" alt=\"Plantes et fleurs, L'immortelle, ou H\u00e9lichryse\"\/><\/span><figcaption class=\"stk-img-figcaption\"><em><span style=\"color: var(--theme-palette-color-1, #1f093c);\" class=\"stk-highlight\"><em>L&#8217;immortelle, ou H\u00e9lichryse<\/em><\/span><\/em><\/figcaption><\/figure><\/div>\n<\/div><\/div><\/div>\n<\/div><\/div>\n\n\n\n<div class=\"wp-block-stackable-heading stk-block-heading stk-block-heading--v2 stk-block stk-4527b44\" id=\"3-comment-transmettre-son-message\" data-block-id=\"4527b44\"><style>.stk-4527b44 .stk-block-heading__bottom-line{background-color:var(--theme-palette-color-2, #a6003c  ) !important;}<\/style><h2 class=\"stk-block-heading__text\">3. Comment transmettre son message ?<\/h2><div class=\"stk-block-heading__bottom-line\"><\/div><\/div>\n\n\n\n<p data-block-type=\"core\">Ici, je dirais tr\u00e8s simplement que tout est possible ! <b>Vous \u00eates l\u2019artiste<\/b>, c\u2019est \u00e0 vous de bien d\u00e9terminer le message que vous voulez faire passer ! C&#8217;est l&#8217;expression de votre \u00e9motion int\u00e9rieure !<\/p>\n\n\n\n<p data-block-type=\"core\">Cependant, je conseillerais de poser les adjectifs, les \u00e9motions, de votre message au pr\u00e9alable.<\/p>\n\n\n\n<p data-block-type=\"core\">Comme expliquez plus haut, si c\u2019est un message commercial et publicitaire, cela n\u2019emp\u00eache pas d\u2019\u00eatre artistique (bien au contraire) mais le message sera impos\u00e9. Visitez le site d\u2019 <a href=\"https:\/\/www.erikalmas.com\/campaigns\" target=\"_blank\" rel=\"noopener\">Erik Alm\u00e5s<\/a>\u00a0sur le sujet. Ce sera donc \u00e0 vous et par votre bagage technique d\u2019exprimer ce message.<\/p>\n\n\n\n<p data-block-type=\"core\">Si c\u2019est plut\u00f4t dans l\u2019esprit d\u2019une illustration botanique, pourquoi pas un aspect un peu vieillit et textur\u00e9 ?&nbsp;<\/p>\n\n\n\n<div class=\"wp-block-stackable-text stk-block-text stk-block stk-9dbb268\" data-block-id=\"9dbb268\"><style>.stk-9dbb268 {margin-bottom:45px !important;}<\/style><p class=\"stk-block-text__text\">Si c\u2019est purement artistique et votre expression personnelle, vous \u00eates totalement libre &#x1f60e;.<\/p><\/div>\n\n\n\n<div class=\"wp-block-stackable-heading stk-block-heading stk-block-heading--v2 stk-block stk-3b6c30a\" id=\"4-conseils-pour-photographier-les-plantes-et-les-fleurs\" data-block-id=\"3b6c30a\"><style>.stk-3b6c30a .stk-block-heading__bottom-line{background-color:var(--theme-palette-color-2, #a6003c  ) !important;}<\/style><h2 class=\"stk-block-heading__text\">4. Conseils pour photographier les plantes et les fleurs<\/h2><div class=\"stk-block-heading__bottom-line\"><\/div><\/div>\n\n\n\n<div class=\"wp-block-stackable-text stk-block-text stk-block stk-a496d6f\" data-block-id=\"a496d6f\"><p class=\"stk-block-text__text\">Je vous propose quelques id\u00e9es, astuces et conseils, sur ma fa\u00e7on de photographier les plantes et les fleurs.<\/p><\/div>\n\n\n\n<div class=\"wp-block-stackable-columns stk-block-columns stk-block stk-5f9c1dc\" data-block-id=\"5f9c1dc\"><div class=\"stk-row stk-inner-blocks stk-block-content stk-content-align stk-5f9c1dc-column\">\n<div class=\"wp-block-stackable-column stk-block-column stk-column stk-block stk-d60d86e\" data-v=\"4\" data-block-id=\"d60d86e\"><style>.stk-d60d86e {align-self:center !important;}<\/style><div class=\"stk-column-wrapper stk-block-column__content stk-container stk-d60d86e-container stk--no-background stk--no-padding\"><div class=\"stk-block-content stk-inner-blocks stk-d60d86e-inner-blocks\">\n<ul class=\"wp-block-list\" data-block-type=\"core\">\n<li data-block-type=\"core\">Essayez le plus possible de vous mettre \u00e0 hauteur de votre sujet ! En plong\u00e9 vous allez avoir tendance \u00e0 \u00e9craser un peu, en contre-plong\u00e9 \u00e0 faire dominer votre sujet ( la glycine ci-contre) . &nbsp;A vous de choisir l\u2019effet voulu.<\/li>\n<\/ul>\n\n\n\n<ul class=\"wp-block-list\" data-block-type=\"core\">\n<li data-block-type=\"core\">Attendez le bon moment de la journ\u00e9e si vous \u00eates en ext\u00e9rieur pour ne pas avoir une lumi\u00e8re trop dure, qui donnera un rendu trop contrast\u00e9e. Si vous \u00eates en studio, vous avez le contr\u00f4le complet sur votre lumi\u00e8re. <b>N\u2019oubliez pas, la lumi\u00e8re fait tout en photographie !<\/b><\/li>\n<\/ul>\n\n\n\n<ul class=\"wp-block-list\" data-block-type=\"core\">\n<li data-block-type=\"core\">Le matin ou le soir, peut vous offrir une lumi\u00e8re plus dor\u00e9e et chaude (le lierre ci-contre), ou bleut\u00e9. Un temps nuageux, diffusera la lumi\u00e8re sans ombres dures.<\/li>\n<\/ul>\n\n\n\n<ul class=\"wp-block-list\" data-block-type=\"core\">\n<li data-block-type=\"core\">Pensez \u00e0 votre arri\u00e8re plan, en ext\u00e9rieur, ce n\u2019est pas toujours facile ! En int\u00e9rieur, en studio, si l\u2019on fait une mise en sc\u00e8ne on contr\u00f4le l\u2019arri\u00e8re-plan, le bokeh, mais en ext\u00e9rieur ce n\u2019est pas \u00e9vident. Personnellement j\u2019utilise un objectif macro Tamron 90mm f\/2.8, et j\u2019en suis plut\u00f4t satisfait. La qualit\u00e9 de son bokeh est assez bonne.<\/li>\n<\/ul>\n\n\n\n<ul class=\"wp-block-list\" data-block-type=\"core\">\n<li data-block-type=\"core\">En parlant de macro, je trouve sympa de faire parfois de gros plans, certaines plantes ou fleurs ne sont pas particuli\u00e8rement jolies dans leur ensemble mais leurs d\u00e9tails sont parfois intrigants ! (exemple du Sempervivum ci-contre)<\/li>\n<\/ul>\n\n\n\n<ul class=\"wp-block-list\" data-block-type=\"core\">\n<li data-block-type=\"core\">Un petit plus avec la photographie de plantes et de fleurs est d\u2019arriver \u00e0 capturer ces petits \u00eatres vivants en action sur le sujet (papillons, abeilles etc..)<\/li>\n<\/ul>\n\n\n\n<ul class=\"wp-block-list\" data-block-type=\"core\">\n<li data-block-type=\"core\">Vous pouvez aussi jouer avec le gel, la ros\u00e9e du matin mais il faudra se lever t\u00f4t et prendre le froid !&#x1f976;<\/li>\n<\/ul>\n<\/div><\/div><\/div>\n\n\n\n<div class=\"wp-block-stackable-column stk-block-column stk-column stk-block stk-94f1485\" data-v=\"4\" data-block-id=\"94f1485\"><style>.stk-94f1485 {align-self:center !important;}<\/style><div class=\"stk-column-wrapper stk-block-column__content stk-container stk-94f1485-container stk--no-background stk--no-padding\"><div class=\"has-text-align-center stk-block-content stk-inner-blocks stk-94f1485-inner-blocks\">\n<div class=\"wp-block-stackable-columns stk-block-columns stk-block stk-934ec6f\" data-block-id=\"934ec6f\"><div class=\"stk-row stk-inner-blocks stk-block-content stk-content-align stk-934ec6f-column\">\n<div class=\"wp-block-stackable-column stk-block-column stk-column stk-block stk-af4756e\" data-v=\"4\" data-block-id=\"af4756e\"><div class=\"stk-column-wrapper stk-block-column__content stk-container stk-af4756e-container stk--no-background stk--no-padding\"><div class=\"stk-block-content stk-inner-blocks stk-af4756e-inner-blocks\">\n<div class=\"wp-block-stackable-image stk-block-image stk-block stk-6806697 stk-block-background\" data-block-id=\"6806697\"><style>.stk-6806697 .stk-img-figcaption{text-align:center !important;font-size:12px !important;}.stk-6806697 {background-color:var(--theme-palette-color-5, #e1e8ed) !important;box-shadow:0px 70px 90px -20px #4849794d !important;}.stk-6806697:before{background-color:var(--theme-palette-color-5, #e1e8ed) !important;}@media screen and (max-width:999px){.stk-6806697 .stk-img-figcaption{font-size:12px !important;}}<\/style><figure><span class=\"stk-img-wrapper stk-image--shape-stretch stk--has-lightbox\"><img loading=\"lazy\" decoding=\"async\" class=\"stk-img wp-image-258131\" src=\"https:\/\/www.dragonstreetphotography.eu\/wp-content\/uploads\/2020\/10\/Lierre.jpg\" width=\"533\" height=\"800\" alt=\"Coucher du soleil \u00e0 Pierre-Perc\u00e9e\" srcset=\"https:\/\/www.dragonstreetphotography.eu\/wp-content\/uploads\/2020\/10\/Lierre.jpg 533w, https:\/\/www.dragonstreetphotography.eu\/wp-content\/uploads\/2020\/10\/Lierre-8x12.jpg 8w\" sizes=\"auto, (max-width: 533px) 100vw, 533px\" \/><\/span><figcaption class=\"stk-img-figcaption\"><em>Lierre<\/em><\/figcaption><\/figure><\/div>\n\n\n\n<div class=\"wp-block-stackable-image stk-block-image stk-block stk-bb074fd stk-block-background\" data-block-id=\"bb074fd\"><style>.stk-bb074fd .stk-img-figcaption{text-align:center !important;font-size:12px !important;}.stk-bb074fd {background-color:var(--theme-palette-color-5, #e1e8ed) !important;box-shadow:0px 70px 90px -20px #4849794d !important;}.stk-bb074fd:before{background-color:var(--theme-palette-color-5, #e1e8ed) !important;}@media screen and (max-width:999px){.stk-bb074fd .stk-img-figcaption{font-size:12px !important;}}<\/style><figure><span class=\"stk-img-wrapper stk-image--shape-stretch stk--has-lightbox\"><img loading=\"lazy\" decoding=\"async\" class=\"stk-img wp-image-253689\" src=\"https:\/\/www.dragonstreetphotography.eu\/wp-content\/uploads\/2022\/03\/La-Lysimaque.jpg\" width=\"1200\" height=\"800\" alt=\"Coucher du soleil \u00e0 Pierre-Perc\u00e9e\" srcset=\"https:\/\/www.dragonstreetphotography.eu\/wp-content\/uploads\/2022\/03\/La-Lysimaque.jpg 1200w, https:\/\/www.dragonstreetphotography.eu\/wp-content\/uploads\/2022\/03\/La-Lysimaque-18x12.jpg 18w\" sizes=\"auto, (max-width: 1200px) 100vw, 1200px\" \/><\/span><figcaption class=\"stk-img-figcaption\"><em>La Lysimaque blanche<\/em><\/figcaption><\/figure><\/div>\n<\/div><\/div><\/div>\n<\/div><\/div>\n<\/div><\/div><\/div>\n<\/div><\/div>\n\n\n\n<p data-block-type=\"core\">Pour approfondir un peu les techniques de capture, je vous invite \u00e0 lire\u00a0<a style=\"word-spacing: normal;\" href=\"https:\/\/www.dragonstreetphotography.eu\/bon-reglage-en-photographie\/\" target=\"_blank\" rel=\"noopener\">mon article sur les bons r\u00e9glages en photographie<\/a> , ou\u00a0<a href=\"https:\/\/www.dragonstreetphotography.eu\/photographier-confine\/\" target=\"_blank\" rel=\"noopener\">la macrophotographie dans celui-ci.<\/a><\/p>\n\n\n\n<p data-block-type=\"core\">Voil\u00e0, mon humble partage sur la photographie de plantes et fleurs, j&#8217;esp\u00e8re que cela vous apportera un peu d&#8217;inspiration et d&#8217;id\u00e9es,<\/p>\n\n\n\n<p data-block-type=\"core\">\u00c0 tr\u00e8s bient\u00f4t,<\/p>\n\n\n\n<p data-block-type=\"core\">David<\/p>\n","protected":false},"excerpt":{"rendered":"<p>En tant que photographe de Nature, je souhaite pour cette nouvelle ann\u00e9e, partager avec vous ma vision et mon int\u00e9r\u00eat pour les plantes et les fleurs.<\/p>\n","protected":false},"author":5864,"featured_media":249620,"comment_status":"open","ping_status":"closed","sticky":false,"template":"","format":"standard","meta":{"footnotes":""},"categories":[1440,69,1448],"tags":[],"class_list":["post-249561","post","type-post","status-publish","format-standard","has-post-thumbnail","hentry","category-vegetaux","category-capture-photos","category-journal-de-voyages-et-sorties-photos"],"blocksy_meta":[],"_links":{"self":[{"href":"https:\/\/www.dragonstreetphotography.eu\/fr\/wp-json\/wp\/v2\/posts\/249561","targetHints":{"allow":["GET"]}}],"collection":[{"href":"https:\/\/www.dragonstreetphotography.eu\/fr\/wp-json\/wp\/v2\/posts"}],"about":[{"href":"https:\/\/www.dragonstreetphotography.eu\/fr\/wp-json\/wp\/v2\/types\/post"}],"author":[{"embeddable":true,"href":"https:\/\/www.dragonstreetphotography.eu\/fr\/wp-json\/wp\/v2\/users\/5864"}],"replies":[{"embeddable":true,"href":"https:\/\/www.dragonstreetphotography.eu\/fr\/wp-json\/wp\/v2\/comments?post=249561"}],"version-history":[{"count":0,"href":"https:\/\/www.dragonstreetphotography.eu\/fr\/wp-json\/wp\/v2\/posts\/249561\/revisions"}],"wp:featuredmedia":[{"embeddable":true,"href":"https:\/\/www.dragonstreetphotography.eu\/fr\/wp-json\/wp\/v2\/media\/249620"}],"wp:attachment":[{"href":"https:\/\/www.dragonstreetphotography.eu\/fr\/wp-json\/wp\/v2\/media?parent=249561"}],"wp:term":[{"taxonomy":"category","embeddable":true,"href":"https:\/\/www.dragonstreetphotography.eu\/fr\/wp-json\/wp\/v2\/categories?post=249561"},{"taxonomy":"post_tag","embeddable":true,"href":"https:\/\/www.dragonstreetphotography.eu\/fr\/wp-json\/wp\/v2\/tags?post=249561"}],"curies":[{"name":"wp","href":"https:\/\/api.w.org\/{rel}","templated":true}]}}