{"id":256452,"date":"2023-06-04T21:39:14","date_gmt":"2023-06-04T19:39:14","guid":{"rendered":"https:\/\/www.dragonstreetphotography.eu\/?p=256452"},"modified":"2025-01-07T23:07:03","modified_gmt":"2025-01-07T22:07:03","slug":"grenade-andalousie-1","status":"publish","type":"post","link":"https:\/\/www.dragonstreetphotography.eu\/fr\/grenade-andalousie-1\/","title":{"rendered":"Grenade &#8211; Andalousie (#1)"},"content":{"rendered":"\n<div class=\"wp-block-stackable-text stk-block-text stk-block stk-f35e288\" data-block-id=\"f35e288\"><style>.stk-f35e288 {margin-bottom:50px !important;}<\/style><p class=\"stk-block-text__text\">Bienvenue en Andalousie ! C&#8217;est dans le Sud de l&#8217;Espagne \u00e0 Grenade que je vous propose de vous promener dans cet article ! Vous savez cette mythique r\u00e9gion du Sud de la p\u00e9ninsule Ib\u00e9rique. &#8220;Andaluc\u00eda&#8221; en Espagnol est une communaut\u00e9 de 8 millions d&#8217;habitants r\u00e9partie sur 8 provinces; Almer\u00eda, Cadix, Cordoue, Grenade, Huelva, Ja\u00e9n, Malaga et S\u00e9ville. <\/p><\/div>\n\n\n\n<nav class=\"wp-block-stackable-table-of-contents stk-block-table-of-contents stk-block stk-f020399 stk-block-background\" data-block-id=\"f020399\"><style>.stk-f020399 .stk-table-of-contents__table{column-count:1 !important;}html{scroll-behavior:smooth !important;}.stk-f020399 .stk-table-of-contents__title{font-size:20px !important;color:var(--theme-palette-color-1, #1f093c) !important;font-weight:bold !important;}.stk-f020399 {background-color:var(--theme-palette-color-5, #e1e8ed) !important;border-top-left-radius:5px !important;border-top-right-radius:5px !important;border-bottom-right-radius:5px !important;border-bottom-left-radius:5px !important;overflow:hidden !important;box-shadow:0px 5px 5px 1px #00000040 !important;border-style:solid !important;border-color:var(--theme-palette-color-2, #a6003c  ) !important;border-top-width:1px !important;border-right-width:1px !important;border-bottom-width:1px !important;border-left-width:1px !important;margin-bottom:50px !important;}.stk-f020399:before{background-color:var(--theme-palette-color-5, #e1e8ed) !important;}@media screen and (max-width:999px){.stk-f020399 .stk-table-of-contents__title{font-size:20px !important;}}<\/style><p class=\"stk-table-of-contents__title has-text-color\">Sommaire <\/p><ul class=\"stk-table-of-contents__table\"><li><a href=\"#1-quest-ce-quune-photo\">1. Situation g\u00e9ographique de l&#8217;Andalousie<\/a><\/li><li><a href=\"#1-quest-ce-quune-photo\">2. La ville de Grenade<\/a><\/li><li><a href=\"#3-le-palais-de-l-alhambra\">3. Le Palais de L&#8217;Alhambra<\/a><ul><li><a href=\"#les-palais-nasrides\">Les palais Nasrides<\/a><\/li><li><a href=\"#le-generalife\">Le G\u00e9n\u00e9ralife<\/a><\/li><li><a href=\"#le-palais-de-charles-quint\">Le Palais de Charles Quint<\/a><\/li><\/ul><\/li><\/ul><\/nav>\n\n\n\n<div class=\"wp-block-stackable-heading stk-block-heading stk-block-heading--v2 stk-block stk-dca89c1\" id=\"1-quest-ce-quune-photo\" data-block-id=\"dca89c1\"><style>.stk-dca89c1 .stk-block-heading__bottom-line{background-color:var(--theme-palette-color-2, #a6003c  ) !important;}<\/style><h2 class=\"stk-block-heading__text\">1. Situation g\u00e9ographique de l&#8217;Andalousie<\/h2><div class=\"stk-block-heading__bottom-line\"><\/div><\/div>\n\n\n\n<p data-block-type=\"core\">L&#8217;Andalousie est une des r\u00e9gions les plus connues d&#8217;Espagne, s\u00e9par\u00e9e g\u00e9ographiquement du nord du pays par le c\u00e9l\u00e8bre fleuve : <strong>le Guadalquivir,<\/strong> qui prend sa source dans l&#8217;est dans <strong>la r\u00e9gion dans la Sierra de Cazorla<\/strong>, (pr\u00e8s du Parc naturel du m\u00eame nom) pour descendre sur plus de 650 km par <strong>Cordoue<\/strong>, puis <strong>S\u00e9ville<\/strong> pour se jeter dans le golfe de Cadix dans l&#8217;oc\u00e9an Atlantique. (traversant le parc de Do\u00f1ana, on en reparlera &#x1f61c;)<\/p>\n\n\n\n<p data-block-type=\"core\">Le Nord de l&#8217;Andalousie est dessin\u00e9 par<strong> la Sierra Morena<\/strong>, et par <strong>la Cordill\u00e8res B\u00e9tiques dans le sud<\/strong>. (qui forme l&#8217;arc de Gibraltar). Etant la porte entre l&#8217;Atlantique et la mer M\u00e9diterran\u00e9e, le climat est plut\u00f4t chaud, assez aride, sans pour autant \u00eatre d\u00e9sertique. Peu de pr\u00e9cipitations, doux l&#8217;hiver \u00e0 tr\u00e8s chaud l&#8217;\u00e9t\u00e9, surtout ces derni\u00e8res ann\u00e9es. <\/p>\n\n\n\n<p data-block-type=\"core\"><strong>La p\u00e9riode id\u00e9ale que je vous conseillerais pour visiter l&#8217;Andalousie<\/strong>, comme vous vous en doutez <strong>est bien le printemps<\/strong> (de mars \u00e0 mai) \u00e0 moins que vous appr\u00e9ciez les fortes chaleurs &#x1f61c; !! Fin septembre \u00e0 Novembre peuvent \u00eatre tr\u00e8s bien aussi, mais la nuit tombera plus t\u00f4t . (Ce qui peut \u00eatre un avantage pour les photographes bien s\u00fbr, mais les journ\u00e9es seront raccourcis pour les visites  !!) <\/p>\n\n\n\n<div class=\"wp-block-stackable-text stk-block-text stk-block stk-2272ec6\" data-block-id=\"2272ec6\"><style>.stk-2272ec6 {margin-bottom:50px !important;}<\/style><p class=\"stk-block-text__text\">Entre sa situation g\u00e9ographique, son climat et son histoire (dont nous allons parler aussi) <strong>l&#8217;Andalousie est une r\u00e9gion int\u00e9ressante pour les photographes de Nature, Voyage ou Paysage&#8230;<\/strong><\/p><\/div>\n\n\n\n<div class=\"wp-block-stackable-heading stk-block-heading stk-block-heading--v2 stk-block stk-1c8fa0d\" id=\"1-quest-ce-quune-photo\" data-block-id=\"1c8fa0d\"><style>.stk-1c8fa0d .stk-block-heading__bottom-line{background-color:var(--theme-palette-color-2, #a6003c  ) !important;}<\/style><h2 class=\"stk-block-heading__text\">2. La ville de Grenade<\/h2><div class=\"stk-block-heading__bottom-line\"><\/div><\/div>\n\n\n\n<div class=\"wp-block-stackable-text stk-block-text stk-block stk-9afbda3\" data-block-id=\"9afbda3\"><p class=\"stk-block-text__text\">Capitale de la province de Grenade (\u00e9videmment), <strong>situ\u00e9e au pied de la Serra Nevada<\/strong> avec ses sommets enneig\u00e9s (composante de la Cordilli\u00e8res B\u00e9tiques ) c&#8217;est la 4\u00e8me ville d&#8217;Andalousie que je d\u00e9crirais comme dynamique car universitaire mais aussi touristique et charg\u00e9e d&#8217;histoire. <strong>Il y a donc de l&#8217;animation la nuit dans les bars, les restaurants de tapas, du flamenco et des quartiers authentiques tels que l&#8217;Albaic\u00cdn : le quartier gitans, ou le Sacromonte celui des troglodytes.<\/strong><\/p><\/div>\n\n\n\n<div class=\"wp-block-stackable-text stk-block-text stk-block stk-ff2d69e\" data-block-id=\"ff2d69e\"><style>.stk-ff2d69e {margin-bottom:50px !important;}<\/style><p class=\"stk-block-text__text\">Mais ce qui attire le plus les touristes \u00e0 Grenade,<strong> c&#8217;est l&#8217;Alhambra qui figure au patrimoine mondial de l&#8217;UNESCO<\/strong>. Comptez une journ\u00e9e compl\u00e8te de visite, et un minimum de 5km de marche. <strong>L&#8217;Alhambra \u00e9tant une ville fortifi\u00e9e elle-m\u00eame dans Grenade<\/strong>, occup\u00e9e par les Maures pendant pr\u00e8s de 800 ans, <strong>Grenade garde un grand h\u00e9ritage avec ce Palais.<\/strong><\/p><\/div>\n\n\n\n<div class=\"wp-block-stackable-heading stk-block-heading stk-block-heading--v2 stk-block stk-0779b5d\" id=\"3-le-palais-de-l-alhambra\" data-block-id=\"0779b5d\"><style>.stk-0779b5d .stk-block-heading__bottom-line{background-color:var(--theme-palette-color-2, #a6003c  ) !important;}<\/style><h2 class=\"stk-block-heading__text\">3. Le Palais de L&#8217;Alhambra<\/h2><div class=\"stk-block-heading__bottom-line\"><\/div><\/div>\n\n\n\n<div class=\"wp-block-stackable-text stk-block-text stk-block stk-255fb76\" data-block-id=\"255fb76\"><style>.stk-255fb76 {margin-bottom:50px !important;}<\/style><p class=\"stk-block-text__text\">Situ\u00e9 sur le colline de Sabika, le palais offre de superbes vues en surplombant la ville, avec les quartiers cit\u00e9s pr\u00e9c\u00e9demment d&#8217;un c\u00f4t\u00e9 et une vue sur les sommets de l&#8217;autre. <strong>L&#8217;Alhambra est compos\u00e9e de 4 parties principales <\/strong>: L&#8217;Alcazaba, les palais Nasrides, les jardins : le Generalife et le palais de Charles Quint. <strong>C&#8217;est la plus prestigieuse architecture m\u00e9di\u00e9vale musulmane m\u00e9diterran\u00e9enne<\/strong>. Lors de votre visite, <strong>je vous conseille fortement de choisir le visite guid\u00e9e, qui donne au site une tout autre compr\u00e9hension.<\/strong><\/p><\/div>\n\n\n\n<div class=\"wp-block-stackable-heading stk-block-heading stk-block-heading--v2 stk-block stk-7b4ae37\" id=\"les-palais-nasrides\" data-block-id=\"7b4ae37\"><h3 class=\"stk-block-heading__text\">Les palais Nasrides<\/h3><\/div>\n\n\n\n<p data-block-type=\"core\">Le <strong>Palais des N<\/strong><strong>asrides<\/strong>&nbsp;est un complexe de <strong>b\u00e2timents ornementaux b\u00e2tis sur plusieurs g\u00e9n\u00e9rations<\/strong> qui&nbsp;s&#8217;organise en de multiples salles, reli\u00e9es entre elles par des vestibules et r<strong>\u00e9parties en trois structures<\/strong>&nbsp;: le Mexuar, Palais de Comares et le Palais des Lions.<\/p>\n\n\n\n<p data-block-type=\"core\">Tout cela dispos\u00e9 autour des deux splendides patios appel\u00e9s, la&nbsp;<strong>Cour des Myrtes<\/strong>&nbsp;(Patio de los Arrayanes) et la&nbsp;<strong>Cour des Lions<\/strong>&nbsp;(Patio de los Leones).<\/p>\n\n\n\n<div class=\"wp-block-stackable-heading stk-block-heading stk-block-heading--v2 stk-block stk-820e395\" id=\"la-salle-du-mexuar\" data-block-id=\"820e395\"><h4 class=\"stk-block-heading__text\">La salle du Mexuar<\/h4><\/div>\n\n\n\n<div class=\"wp-block-stackable-text stk-block-text stk-block stk-acd580d\" data-block-id=\"acd580d\"><p class=\"stk-block-text__text\"><strong>C&#8217;est ici que commencera votre visite de l&#8217;Alhambra.<\/strong> Ce sera votre premi\u00e8re salle. Construite entre 1314 et 1325, par  le sultan&nbsp;Isma\u00efl Ier, <strong>c&#8217;\u00e9tait le si\u00e8ge du tribunal royal<\/strong>. <\/p><\/div>\n\n\n\n<div class=\"wp-block-stackable-text stk-block-text stk-block stk-6e56e57\" data-block-id=\"6e56e57\"><p class=\"stk-block-text__text\">Apr\u00e8s la reconquista, elle fut transform\u00e9e en chapelle chr\u00e9tienne au&nbsp;XIV<sup>e<\/sup>&nbsp;si\u00e8cle. Quatre colonnes de marbre, soutenaient une coupole dans l&#8217;espace central, qui a disparu et a \u00e9t\u00e9 remplac\u00e9e par un plafond&nbsp;en bois. <strong>La salle est d\u00e9cor\u00e9e d&#8217;un lambris d&#8217;azulejos<\/strong>, dont les \u00e9toiles centrales repr\u00e9sentent la devise nasride en caract\u00e8res arabes, l<strong>&#8216;aigle \u00e0 deux t\u00eates de la maison des&nbsp;Habsbourg&nbsp;et les&nbsp;Colonnes d&#8217;Hercule.<\/strong><\/p><\/div>\n\n\n\n<div class=\"wp-block-stackable-text stk-block-text stk-block stk-b331dc3\" data-block-id=\"b331dc3\"><p class=\"stk-block-text__text\">Apr\u00e8s cette salle, <strong>le visite guid\u00e9e vous emm\u00e8nera dans la splendide cour des Myrtes, partie int\u00e9grante du Palais de Comares.<\/strong><\/p><\/div>\n\n\n\n<div class=\"wp-block-stackable-heading stk-block-heading stk-block-heading--v2 stk-block stk-9f01633\" id=\"le-palais-de-comares\" data-block-id=\"9f01633\"><h4 class=\"stk-block-heading__text\">Le Palais de Comares<\/h4><\/div>\n\n\n\n<div class=\"wp-block-stackable-columns stk-block-columns stk-block stk-c1b4d80 stk-block-background\" data-block-id=\"c1b4d80\"><style>.stk-c1b4d80 {background-color:var(--theme-palette-color-6, #f2f5f7) !important;}.stk-c1b4d80:before{background-color:var(--theme-palette-color-6, #f2f5f7) !important;}<\/style><div class=\"stk-row stk-inner-blocks stk-block-content stk-content-align stk-c1b4d80-column\">\n<div class=\"wp-block-stackable-column stk-block-column stk-column stk-block stk-cef1973\" data-v=\"4\" data-block-id=\"cef1973\"><style>.stk-cef1973 {align-self:center !important;}<\/style><div class=\"stk-column-wrapper stk-block-column__content stk-container stk-cef1973-container stk--no-background stk--no-padding\"><div class=\"stk-block-content stk-inner-blocks stk-cef1973-inner-blocks\">\n<p data-block-type=\"core\">Le&nbsp;<strong>palais de Comares<\/strong>&nbsp;fut construit principalement par les b\u00e2tisseurs nasrides&nbsp;Yusuf I&nbsp;et&nbsp;Mohammed V al-Ghan\u00ee. Les Espagnols le nomment \u00e9galement le&nbsp;<strong>patio des Arrayanes<\/strong>.  Cette partie \u00e9tant le plus grand espace du palais.<\/p>\n\n\n\n<p data-block-type=\"core\">Ce palais est constitu\u00e9 de 3 parties principales&nbsp;:<\/p>\n\n\n\n<ul class=\"wp-block-list\" data-block-type=\"core\">\n<li data-block-type=\"core\">la&nbsp;<strong>cour des Myrtes<\/strong>&nbsp;(<em>patio de los Arrayanes<\/em>)<\/li>\n\n\n\n<li data-block-type=\"core\">la&nbsp;<strong>salle de la Barque<\/strong>,<\/li>\n\n\n\n<li data-block-type=\"core\">la&nbsp;<strong>salle du Tr\u00f4ne<\/strong>&nbsp;ou des Ambassadeurs<\/li>\n<\/ul>\n\n\n\n<p data-block-type=\"core\">Comme vous pouvez le voir sur les photos,<strong> dans la culture arabe l&#8217;eau \u00e9tait bien s\u00fbr tr\u00e8s pr\u00e9cieuse, et en cela un symbole de richesse, mais aussi d&#8217;esth\u00e9tisme<\/strong>. Plus pr\u00e9cis\u00e9ment, dans tout le palais vous trouverez un circuit d&#8217;eau, servant de climatisation naturelle conservant des temp\u00e9ratures \u00e9tonnement stables dans les diverses chambres. Mais aussi esth\u00e9tique car les reflets de l&#8217;eau \u00e9tait une fa\u00e7on de mettre en valeur cette pr\u00e9cieuse richesse. Il y a dans cette ing\u00e9nieure d&#8217;eau un \u00e9quilibre entre sa circulation, son bruit et son inertie pour obtenir des reflets et le tout offrant une qui\u00e9tude m\u00e9ditative afin de se rapprocher d&#8217;Allah. C&#8217;\u00e9tait l&#8217;id\u00e9e ! <\/p>\n\n\n\n<div class=\"wp-block-stackable-text stk-block-text stk-block stk-5de6dfe\" data-block-id=\"5de6dfe\"><p class=\"stk-block-text__text\"><strong>Ensuite vient le patio de los L\u00e9ones<\/strong> &#x1f601; !!  <\/p><\/div>\n<\/div><\/div><\/div>\n\n\n\n<div class=\"wp-block-stackable-column stk-block-column stk-column stk-block stk-652ad43\" data-v=\"4\" data-block-id=\"652ad43\"><div class=\"stk-column-wrapper stk-block-column__content stk-container stk-652ad43-container stk--no-background stk--no-padding\"><div class=\"stk-block-content stk-inner-blocks stk-652ad43-inner-blocks\">\n<div class=\"wp-block-stackable-image stk-block-image stk-block stk-60f04fe stk-block-background\" data-block-id=\"60f04fe\"><style>.stk-60f04fe .stk-img-figcaption{text-align:center !important;font-size:12px !important;}.stk-60f04fe {background-color:var(--theme-palette-color-5, #e1e8ed) !important;box-shadow:0px 70px 90px -20px rgba(72, 73, 121, 0.30) !important;}.stk-60f04fe:before{background-color:var(--theme-palette-color-5, #e1e8ed) !important;}@media screen and (max-width:999px){.stk-60f04fe .stk-img-figcaption{font-size:12px !important;}}<\/style><figure><span class=\"stk-img-wrapper stk-image--shape-stretch\"><img loading=\"lazy\" decoding=\"async\" class=\"stk-img wp-image-256506\" src=\"https:\/\/www.dragonstreetphotography.eu\/wp-content\/uploads\/2023\/06\/Granada-23-102.jpg\" width=\"667\" height=\"1000\" alt=\"Le patio des Arrayanes\" srcset=\"https:\/\/www.dragonstreetphotography.eu\/wp-content\/uploads\/2023\/06\/Granada-23-102.jpg 667w, https:\/\/www.dragonstreetphotography.eu\/wp-content\/uploads\/2023\/06\/Granada-23-102-8x12.jpg 8w\" sizes=\"auto, (max-width: 667px) 100vw, 667px\" \/><\/span><figcaption class=\"stk-img-figcaption\"><em>Le patio des Arrayanes<\/em><\/figcaption><\/figure><\/div>\n<\/div><\/div><\/div>\n<\/div><\/div>\n\n\n\n<div class=\"wp-block-stackable-heading stk-block-heading stk-block-heading--v2 stk-block stk-a764e6b\" id=\"le-palais-des-lions\" data-block-id=\"a764e6b\"><h4 class=\"stk-block-heading__text\">Le palais des Lions<\/h4><\/div>\n\n\n\n<p data-block-type=\"core\"><strong>Probablement le patio le plus c\u00e9l\u00e8bre de l&#8217;Alhambra pour ses lions<\/strong>. C&#8217;est une cour rectangulaire 35m sur 20m d\u00e9cor\u00e9e d&#8217;arabesques et&nbsp;de motifs g\u00e9om\u00e9triques, entour\u00e9e de 124 colonnes de marbre blanc. (Le&nbsp;blason du royaume Nasride de Grenade&nbsp;est r\u00e9guli\u00e8rement sculpt\u00e9 partout dans le patio.)<\/p>\n\n\n\n<div class=\"wp-block-stackable-text stk-block-text stk-block stk-2c8d787\" data-block-id=\"2c8d787\"><p class=\"stk-block-text__text\">Au-dessus de chaque arche et de chaque colonne des panneaux rectangulaires sont d\u00e9cor\u00e9s d&#8217;arabesques et de filigranes sculpt\u00e9s. Au centre de la cour vous trouvez  la Fontaine des Lions, un bassin d&#8217;alb\u00e2tre&nbsp;avec douze statues de lions en marbre blanc pour les 12 soleils du zodiaques, les 12 mois de l&#8217;ann\u00e9e mais aussi symbole de la puissance et du courage.<\/p><\/div>\n\n\n\n<div class=\"wp-block-stackable-text stk-block-text stk-block stk-b450649\" data-block-id=\"b450649\"><style>.stk-b450649 {margin-bottom:50px !important;}<\/style><p class=\"stk-block-text__text\">De plus, des canalisations d&#8217;eau partant de la fontaine rejoignent les quatre c\u00f4t\u00e9s de la cour indiquant  les 4 points cardinaux. L&#8217;eau est de nouveau le symbole mis en avant.<\/p><\/div>\n\n\n\n<div class=\"wp-block-stackable-heading stk-block-heading stk-block-heading--v2 stk-block stk-38b9f25\" id=\"l-alcazaba\" data-block-id=\"38b9f25\"><h4 class=\"stk-block-heading__text\">L&#8217;Alcazaba<\/h4><\/div>\n\n\n\n<p data-block-type=\"core\">C&#8217;est un nom qui provient de l&#8217;arabe&nbsp; &#8220;<em>Al Casbah<\/em>&#8221; <strong>qui signifie forteresse ou citadelle<\/strong>. <em><strong>Un&nbsp;alcazar<\/strong><\/em> :&nbsp;est un palais&nbsp;&#8220;fortifi\u00e9&#8221;&nbsp;alliant des qualit\u00e9s militaires et d&#8217;agr\u00e9ment tels que les firent construire beaucoup de souverains musulmans en&nbsp;Andalousie. Ces palais furent adopt\u00e9s ensuite par les souverains chr\u00e9tiens <strong>apr\u00e8s la&nbsp;Reconquista<\/strong>. (C&#8217;est pour cette raison que dans la plupart des architectures andalouses nous retrouverons un m\u00e9lange de cultures arabes et chr\u00e9tiennes)<strong>.<\/strong><\/p>\n\n\n\n<p data-block-type=\"core\"><strong>C&#8217;est une ville enti\u00e8re h\u00e9bergeant des guerriers, qui a \u00e9t\u00e9 \u00e9difi\u00e9e sur la colline de l&#8217;Alhambra<\/strong>.  La hauteur \u00e9tant strat\u00e9giquement un avantage contre les assaillants&nbsp;: du haut de la plus haute tour, on peut observer toute la plaine de Grenade. L&#8217;Alhambra ayant \u00e9t\u00e9 pens\u00e9 pour r\u00e9sister contre les si\u00e8ges.<\/p>\n\n\n\n<p data-block-type=\"core\">Disposant d&#8217;une&nbsp;m\u00e9dina&nbsp;int\u00e9rieure, distincte de celle de l&#8217;enceinte de l&#8217;Alhambra, elle correspond au&nbsp;donjon&nbsp;int\u00e9rieur d&#8217;un&nbsp;ch\u00e2teau fort, en termes d&#8217;architecture<a href=\"https:\/\/fr.wikipedia.org\/wiki\/Architecture_m%C3%A9di%C3%A9vale\" target=\"_blank\" rel=\"noopener\"> <\/a>m\u00e9di\u00e9vale. <\/p>\n\n\n\n<div class=\"wp-block-stackable-text stk-block-text stk-block stk-be93b78\" data-block-id=\"be93b78\"><style>.stk-be93b78 {margin-bottom:50px !important;}<\/style><p class=\"stk-block-text__text\">Durant la&nbsp;Reconquista&nbsp;au&nbsp;xv<sup>e<\/sup>&nbsp;si\u00e8cle, les princes Nazari observaient du haut de la tour de l&#8217;Alcazaba les mouvements de troupes militaires dans la plaine de Grenade. Symboliquement, les&nbsp;Rois catholiques, leurs adversaires, avaient install\u00e9 \u00e0&nbsp;Santa Fe&nbsp;un camp fortifi\u00e9 militaire en pleine terre ennemie, pour affirmer leur pr\u00e9sence sur le terrain.<\/p><\/div>\n\n\n\n<div class=\"wp-block-stackable-heading stk-block-heading stk-block-heading--v2 stk-block stk-3d6d3ae\" id=\"le-generalife\" data-block-id=\"3d6d3ae\"><h3 class=\"stk-block-heading__text\">Le G\u00e9n\u00e9ralife<\/h3><\/div>\n\n\n\n<p data-block-type=\"core\">C&#8217;\u00e9tait le jardin des princes&nbsp;Nasrides. Ils venaient s&#8217;y rafra\u00eechir dans les ombrages, pr\u00e8s des bassins d&#8217;eau. Le G\u00e9n\u00e9ralife est situ\u00e9 hors des murs de l&#8217;enceinte, sur l&#8217;autre versant. Ce palais est tr\u00e8s connu en Espagne. <\/p>\n\n\n\n<p data-block-type=\"core\">Le nom est un d\u00e9riv\u00e9 de l&#8217;arabe  &#8220;Jannat al-Arif&#8221; signifiant  &#8220;jardins de l&#8217;architecte&#8221;.<\/p>\n\n\n\n<div class=\"wp-block-stackable-text stk-block-text stk-block stk-dd341fe\" data-block-id=\"dd341fe\"><style>.stk-dd341fe {margin-bottom:50px !important;}<\/style><p class=\"stk-block-text__text\">La canalisation de l&#8217;eau descendante des sommets enneig\u00e9s de la&nbsp;Sierra Nevada repr\u00e9sente ici, de nouveau une richesse et un symbole fort de cette gestion de l&#8217;eau qui rafra\u00eechissait chaque cour et jardin.<\/p><\/div>\n\n\n\n<div class=\"wp-block-stackable-heading stk-block-heading stk-block-heading--v2 stk-block stk-a3898e1\" id=\"le-palais-de-charles-quint\" data-block-id=\"a3898e1\"><h3 class=\"stk-block-heading__text\">Le Palais de Charles Quint<\/h3><\/div>\n\n\n\n<p data-block-type=\"core\">Le&nbsp;<strong>palais de&nbsp;Charles Quint<\/strong>&nbsp;est un ajout (des vainqueurs castillans) post\u00e9rieur \u00e0 l&#8217;\u00e9dification des palais. Sa construction est le symbole du pouvoir de l&#8217;Empereur sur les terres conquises. L&#8217;empereur voulait y \u00e9tablir sa r\u00e9sidence. Auparavant, les rois catholiques y avaient construit plusieurs salles, mais les intentions de Charles Quint \u00e9tait d&#8217;y avoir une r\u00e9sidence permanente \u00e0 la hauteur de son rang et ainsi profiter de la beaut\u00e9 architecturale de l&#8217;Alhambra. Le projet fut confi\u00e9 \u00e0&nbsp;Pedro<a href=\"https:\/\/fr.wikipedia.org\/wiki\/Pedro_Machuca\" target=\"_blank\" rel=\"noopener\"> <\/a>Machuca en 1527 pour \u00eatre achev\u00e9 1537. Un projet laborieux dans un style mani\u00e9riste, qui apparaissait en Italie.<\/p>\n\n\n\n<p data-block-type=\"core\">Le palais ext\u00e9rieur carr\u00e9, avec une fa\u00e7ade principale de 63 m\u00e8tres de largeur, 17 m\u00e8tres de hauteur, avec un&nbsp;patio&nbsp;circulaire \u00e0 l&#8217;int\u00e9rieur. C&#8217;est une g\u00e9om\u00e9trie inspir\u00e9e de la renaissance Italienne. Le palais est l\u2019\u0153uvre la plus importante de la Renaissance en Espagne. <\/p>\n\n\n\n<p data-block-type=\"core\">Les fa\u00e7ades sud et ouest sont enti\u00e8rement d\u00e9cor\u00e9es pendant que celles du nord et de l&#8217;est ne le sont que partiellement, parce que le b\u00e2timent \u00e9tait uni \u00e0 l&#8217;Alcazaba. L&#8217;\u00e9difice ext\u00e9rieur comme int\u00e9rieur (le patio circulaire) compte deux niveaux. <strong>Le bas est de style Toscan et le haut style ionique.<\/strong><\/p>\n\n\n\n<div class=\"wp-block-stackable-subtitle stk-block-subtitle stk-block stk-96451b3\" data-block-id=\"96451b3\"><style>.stk-96451b3 {margin-bottom:50px !important;}<\/style><p class=\"stk-block-subtitle__text stk-subtitle\">Ce qu&#8217;il faut retenir ici, c&#8217;est qu&#8217;\u00e0 une \u00e9poque o\u00f9 la destruction des temples et palais \u00e9taient de pratique courante, les rois chr\u00e9tiens \u00e9taient conquis devant l&#8217;incontestable beaut\u00e9 de l&#8217;Alhambra, ce qui a permis sa conservation jusqu&#8217;\u00e0 maintenant.<\/p><\/div>\n\n\n\n<div class=\"wp-block-stackable-columns stk-block-columns stk-block stk-7ca8c90\" data-block-id=\"7ca8c90\"><div class=\"stk-row stk-inner-blocks stk-block-content stk-content-align stk-7ca8c90-column\">\n<div class=\"wp-block-stackable-column stk-block-column stk-column stk-block stk-5abf9e3\" data-v=\"4\" data-block-id=\"5abf9e3\"><div class=\"stk-column-wrapper stk-block-column__content stk-container stk-5abf9e3-container stk--no-background stk--no-padding\"><div class=\"stk-block-content stk-inner-blocks stk-5abf9e3-inner-blocks\">\n<div class=\"wp-block-stackable-image stk-block-image stk-block stk-40e55d7 stk-block-background\" data-block-id=\"40e55d7\"><style>.stk-40e55d7 .stk-img-figcaption{text-align:center !important;font-size:12px !important;}.stk-40e55d7 {background-color:var(--theme-palette-color-5, #e1e8ed) !important;box-shadow:0px 70px 90px -20px rgba(72, 73, 121, 0.30) !important;}.stk-40e55d7:before{background-color:var(--theme-palette-color-5, #e1e8ed) !important;}@media screen and (max-width:999px){.stk-40e55d7 .stk-img-figcaption{font-size:12px !important;}}<\/style><figure><span class=\"stk-img-wrapper stk-image--shape-stretch\"><img loading=\"lazy\" decoding=\"async\" class=\"stk-img wp-image-256480\" src=\"https:\/\/www.dragonstreetphotography.eu\/wp-content\/uploads\/2023\/06\/Granada-23-332_Panorama.jpg\" width=\"1000\" height=\"577\" alt=\"Le palais de Charles Quint\" srcset=\"https:\/\/www.dragonstreetphotography.eu\/wp-content\/uploads\/2023\/06\/Granada-23-332_Panorama.jpg 1000w, https:\/\/www.dragonstreetphotography.eu\/wp-content\/uploads\/2023\/06\/Granada-23-332_Panorama-18x10.jpg 18w\" sizes=\"auto, (max-width: 1000px) 100vw, 1000px\" \/><\/span><figcaption class=\"stk-img-figcaption\"><em>Bavi\u00e8re-Ponts suspendus<\/em><\/figcaption><\/figure><\/div>\n<\/div><\/div><\/div>\n<\/div><\/div>\n\n\n\n<p data-block-type=\"core\">Voil\u00e0 pour cette petite visite de Grenade mais surtout de l&#8217;Alhambra, <\/p>\n\n\n\n<p data-block-type=\"core\">je vous donne rendez-vous tr\u00e8s bient\u00f4t pour la suite, <a href=\"https:\/\/www.dragonstreetphotography.com\/-\/landscape-nature-travel-photos\/shop\/voyages\/espagne\" target=\"_blank\" rel=\"noreferrer noopener\">et vous invite \u00e0 sur mes galeries en ligne,<\/a><\/p>\n\n\n\n<p data-block-type=\"core\">David <\/p>\n","protected":false},"excerpt":{"rendered":"<p>Bienvenue \u00e0 Grenade en Andalousie ! C&#8217;est dans le Sud de l&#8217;Espagne que je vous propose de vous promener dans cet article ! Cette mythique r\u00e9gion Sud de la p\u00e9ninsule Ib\u00e9rique. &#8220;Andaluc\u00eda&#8221; en Espagnol.<\/p>\n","protected":false},"author":5864,"featured_media":256543,"comment_status":"open","ping_status":"closed","sticky":false,"template":"","format":"standard","meta":{"footnotes":""},"categories":[1448,354],"tags":[2887,2886],"class_list":["post-256452","post","type-post","status-publish","format-standard","has-post-thumbnail","hentry","category-journal-de-voyages-et-sorties-photos","category-voyage","tag-andalousie","tag-espagne"],"blocksy_meta":[],"_links":{"self":[{"href":"https:\/\/www.dragonstreetphotography.eu\/fr\/wp-json\/wp\/v2\/posts\/256452","targetHints":{"allow":["GET"]}}],"collection":[{"href":"https:\/\/www.dragonstreetphotography.eu\/fr\/wp-json\/wp\/v2\/posts"}],"about":[{"href":"https:\/\/www.dragonstreetphotography.eu\/fr\/wp-json\/wp\/v2\/types\/post"}],"author":[{"embeddable":true,"href":"https:\/\/www.dragonstreetphotography.eu\/fr\/wp-json\/wp\/v2\/users\/5864"}],"replies":[{"embeddable":true,"href":"https:\/\/www.dragonstreetphotography.eu\/fr\/wp-json\/wp\/v2\/comments?post=256452"}],"version-history":[{"count":0,"href":"https:\/\/www.dragonstreetphotography.eu\/fr\/wp-json\/wp\/v2\/posts\/256452\/revisions"}],"wp:featuredmedia":[{"embeddable":true,"href":"https:\/\/www.dragonstreetphotography.eu\/fr\/wp-json\/wp\/v2\/media\/256543"}],"wp:attachment":[{"href":"https:\/\/www.dragonstreetphotography.eu\/fr\/wp-json\/wp\/v2\/media?parent=256452"}],"wp:term":[{"taxonomy":"category","embeddable":true,"href":"https:\/\/www.dragonstreetphotography.eu\/fr\/wp-json\/wp\/v2\/categories?post=256452"},{"taxonomy":"post_tag","embeddable":true,"href":"https:\/\/www.dragonstreetphotography.eu\/fr\/wp-json\/wp\/v2\/tags?post=256452"}],"curies":[{"name":"wp","href":"https:\/\/api.w.org\/{rel}","templated":true}]}}