{"id":259723,"date":"2025-09-08T17:30:00","date_gmt":"2025-09-08T15:30:00","guid":{"rendered":"https:\/\/www.dragonstreetphotography.eu\/?p=259723"},"modified":"2025-10-20T21:11:25","modified_gmt":"2025-10-20T19:11:25","slug":"photographie-est-elle-un-art","status":"publish","type":"post","link":"https:\/\/www.dragonstreetphotography.eu\/fr\/photographie-est-elle-un-art\/","title":{"rendered":"\ud83d\udcf8 La photographie est-elle un art\u202f?"},"content":{"rendered":"\n<div class=\"wp-block-stackable-text stk-block-text stk-block stk-608cca5\" data-block-id=\"608cca5\"><style>.stk-608cca5 {margin-bottom:50px !important;}<\/style><p class=\"stk-block-text__text\">La photographie est-elle un art\u202f? La question semble \u00e9ternelle, mais elle prend une r\u00e9sonance particuli\u00e8re dans un monde satur\u00e9 d\u2019images. \u00c0 l\u2019\u00e8re des r\u00e9seaux sociaux, o\u00f9 chacun devient photographe en quelques clics, il est l\u00e9gitime de se demander si photographier, c\u2019est cr\u00e9er, ou simplement capturer. Entre philosophie, esth\u00e9tique, t\u00e9moignage et expression, la r\u00e9ponse est plus riche qu\u2019il n\u2019y para\u00eet \u2014 surtout pour ceux d\u2019entre nous qui photographient la nature, les voyages, les instants fragiles du monde vivant.<\/p><\/div>\n\n\n\n<nav class=\"wp-block-stackable-table-of-contents stk-block-table-of-contents stk-block stk-26f4e4b stk-block-background\" data-block-id=\"26f4e4b\"><style>.stk-26f4e4b .stk-table-of-contents__table{column-count:1 !important;}html{scroll-behavior:smooth !important;}.stk-26f4e4b .stk-table-of-contents__title{font-size:20px !important;color:var(--theme-palette-color-1, #1f093c) !important;font-weight:bold !important;}.stk-26f4e4b {background-color:var(--theme-palette-color-5, #e1e8ed) !important;border-top-left-radius:5px !important;border-top-right-radius:5px !important;border-bottom-right-radius:5px !important;border-bottom-left-radius:5px !important;overflow:hidden !important;box-shadow:0px 5px 5px 1px #00000040 !important;border-style:solid !important;border-color:var(--theme-palette-color-2, #a6003c  ) !important;border-top-width:1px !important;border-right-width:1px !important;border-bottom-width:1px !important;border-left-width:1px !important;margin-bottom:50px !important;}.stk-26f4e4b:before{background-color:var(--theme-palette-color-5, #e1e8ed) !important;}@media screen and (max-width:999px){.stk-26f4e4b .stk-table-of-contents__title{font-size:20px !important;}}<\/style><p class=\"stk-table-of-contents__title has-text-color\">Sommaire <\/p><ul class=\"stk-table-of-contents__table\"><li><a href=\"#strong-1-une-reconnaissance-lente-mais-incontestable-strong\">1. Une reconnaissance lente\u2026 mais incontestable<\/a><\/li><li><a href=\"#strong-2-un-medium-allie-de-la-creativite-strong\">2. Un m\u00e9dium alli\u00e9 de la cr\u00e9ativit\u00e9<\/a><\/li><li><a href=\"#3-la-photographie-une-simple-capture\">3. La photographie une simple capture ? <\/a><\/li><li><a href=\"#strong-4-ce-que-la-philosophie-apporte-a-la-photographie-strong\">4. Ce que la philosophie apporte \u00e0 la photographie<\/a><ul><li><a href=\"#a-ca-a-ete-roland-barthes-la-chambre-claire-1980\">a. \u00ab\u202f\u00c7a a \u00e9t\u00e9\u202f\u00bb \u2013 Roland Barthes (La Chambre claire, 1980)<\/a><\/li><li><a href=\"#b-aura-et-reproductibilite-walter-benjamin\">b. \u00ab\u202fAura\u202f\u00bb et reproductibilit\u00e9 \u2013 Walter Benjamin<\/a><\/li><\/ul><\/li><li><a href=\"#5-strong-toute-photographie-nest-pas-une-oeuvre-dart-strong\">5.&nbsp;Toute photographie n\u2019est pas une \u0153uvre d\u2019art<\/a><\/li><li><a href=\"#strong-6-numerique-ia-authenticite-un-nouveau-tournant-strong\">6. Num\u00e9rique, IA, authenticit\u00e9 : un nouveau tournant<\/a><\/li><li><a href=\"#strong-7-quatre-nouveaux-regards-pour-enrichir-la-discussion-strong\">7. Quatre nouveaux regards pour enrichir la discussion<\/a><ul><li><a href=\"#a-la-photographie-comme-dialogue-entre-lhumain-et-le-paysage\"> a. La photographie comme dialogue entre l\u2019humain et le paysage<\/a><\/li><li><a href=\"#b-lecologie-de-limage-photographier-comme-acte-conscient\"> b. L\u2019\u00e9cologie de l\u2019image : photographier comme acte conscient<\/a><\/li><li><a href=\"#c-lintervention-minimale-comme-art-du-voyage\"> c. L\u2019intervention minimale comme art du voyage<\/a><\/li><li><a href=\"#d-la-photographie-collaborative-au-service-de-lautre\"> d. La photographie collaborative : au service de l\u2019autre<\/a><\/li><\/ul><\/li><li><a href=\"#8-c-strong-onclusion-strong\">8. Conclusion<\/a><\/li><\/ul><\/nav>\n\n\n\n<div class=\"wp-block-stackable-heading stk-block-heading stk-block-heading--v2 stk-block stk-beac805\" id=\"strong-1-une-reconnaissance-lente-mais-incontestable-strong\" data-block-id=\"beac805\"><style>.stk-beac805 .stk-block-heading__bottom-line{background-color:var(--theme-palette-color-2, #a6003c  ) !important;}<\/style><h2 class=\"stk-block-heading__text\"><strong>1. Une reconnaissance lente\u2026 mais incontestable<\/strong><\/h2><div class=\"stk-block-heading__bottom-line\"><\/div><\/div>\n\n\n\n<div class=\"wp-block-stackable-text stk-block-text stk-block stk-b69f047\" data-block-id=\"b69f047\"><style>.stk-b69f047 {margin-bottom:50px !important;}<\/style><p class=\"stk-block-text__text\">Au XIX\u1d49 si\u00e8cle, la photographie \u00e9tait loin d\u2019\u00eatre consid\u00e9r\u00e9e comme un art noble\u202f; elle \u00e9tait souvent rel\u00e9gu\u00e9e au rang de technique banale ou de simple reproduction\u202f&nbsp;. Il a fallu attendre la cr\u00e9ation du mouvement Photo\u2011Secession (1902\u20131917), men\u00e9 par Alfred Stieglitz, pour affirmer que la photographie pouvait \u00eatre une expression artistique \u00e0 part enti\u00e8re\u202f&nbsp;.<\/p><\/div>\n\n\n\n<div class=\"wp-block-stackable-heading stk-block-heading stk-block-heading--v2 stk-block stk-9f5bc9a\" id=\"strong-2-un-medium-allie-de-la-creativite-strong\" data-block-id=\"9f5bc9a\"><style>.stk-9f5bc9a .stk-block-heading__bottom-line{background-color:var(--theme-palette-color-2, #a6003c  ) !important;}<\/style><h2 class=\"stk-block-heading__text\"><strong>2. Un m\u00e9dium alli\u00e9 de la cr\u00e9ativit\u00e9<\/strong><\/h2><div class=\"stk-block-heading__bottom-line\"><\/div><\/div>\n\n\n\n<div class=\"wp-block-stackable-text stk-block-text stk-block stk-85272eb\" data-block-id=\"85272eb\"><style>.stk-85272eb {margin-bottom:50px !important;}<\/style><p class=\"stk-block-text__text\">\u00c0 l\u2019instar de la peinture ou de la sculpture, <strong>la photographie peut mobiliser une vision esth\u00e9tique forte<\/strong>. La composition, la lumi\u00e8re, le cadrage et le message \u00e9motionnel renvoient \u00e0 une expression artistique consciente\u202f&nbsp;. Comme le dit modestement le photographe : <strong>&#8220;c\u2019est la vision personnelle et les choix stylistiques (\u00e9clairage, couleurs, profondeur de champ) qui font la diff\u00e9rence&#8221;.<\/strong><\/p><\/div>\n\n\n\n<div class=\"wp-block-stackable-heading stk-block-heading stk-block-heading--v2 stk-block stk-425bd99\" id=\"3-la-photographie-une-simple-capture\" data-block-id=\"425bd99\"><style>.stk-425bd99 .stk-block-heading__bottom-line{background-color:var(--theme-palette-color-2, #a6003c  ) !important;}<\/style><h2 class=\"stk-block-heading__text\">3. La photographie une simple capture ? <\/h2><div class=\"stk-block-heading__bottom-line\"><\/div><\/div>\n\n\n\n<div class=\"wp-block-stackable-text stk-block-text stk-block stk-37b389b\" data-block-id=\"37b389b\"><p class=\"stk-block-text__text\">L\u2019un des arguments les plus r\u00e9ducteurs contre l\u2019id\u00e9e de la photographie comme art repose sur une confusion fondamentale :&nbsp;confondre l\u2019acte de capturer avec l\u2019acte de cr\u00e9er. Pour certains, le photographe ne ferait que \u00ab\u202fcliquer\u202f\u00bb sur un bouton, l\u00e0 o\u00f9 le peintre, le sculpteur ou le musicien \u00ab\u202ffabrique\u202f\u00bb une \u0153uvre de A \u00e0 Z. Cette vision assimile l\u2019appareil photo \u00e0 une photocopieuse oubliant compl\u00e8tement le r\u00f4le de l\u2019intention, du regard et du choix esth\u00e9tique.<\/p><\/div>\n\n\n\n<div class=\"wp-block-stackable-text stk-block-text stk-block stk-2734ad6\" data-block-id=\"2734ad6\"><p class=\"stk-block-text__text\">Or,&nbsp;toute prise de vue est une s\u00e9lection. Le cadrage isole une portion du monde. La lumi\u00e8re, choisie ou attendue, fa\u00e7onne l\u2019ambiance. Le moment d\u00e9clench\u00e9 exprime une \u00e9motion. Il y a donc&nbsp;interpr\u00e9tation, subjectivit\u00e9, point de vue.<\/p><\/div>\n\n\n\n<div class=\"wp-block-stackable-text stk-block-text stk-block stk-53fbcc6\" data-block-id=\"53fbcc6\"><style>.stk-53fbcc6 {margin-bottom:50px !important;}<\/style><p class=\"stk-block-text__text\">M\u00eame dans la photographie documentaire ou journalistique, souvent cit\u00e9e comme &#8220;\u202fpreuve que la photo n\u2019est pas de l\u2019art\u202f&#8221;, chaque image refl\u00e8te une vision. Pourquoi cette image et pas une autre\u202f? Pourquoi ce cadrage, cette distance, cette focale\u202f? L\u2019art, au fond, commence l\u00e0\u202f:&nbsp;quand l\u2019humain interpr\u00e8te le r\u00e9el avec sens et \u00e9motion.<\/p><\/div>\n\n\n\n<div class=\"wp-block-stackable-heading stk-block-heading stk-block-heading--v2 stk-block stk-bd20f1d\" id=\"strong-4-ce-que-la-philosophie-apporte-a-la-photographie-strong\" data-block-id=\"bd20f1d\"><style>.stk-bd20f1d .stk-block-heading__bottom-line{background-color:var(--theme-palette-color-2, #a6003c  ) !important;}<\/style><h2 class=\"stk-block-heading__text\"><strong>4. Ce que la philosophie apporte \u00e0 la photographie<\/strong><\/h2><div class=\"stk-block-heading__bottom-line\"><\/div><\/div>\n\n\n\n<h3 class=\"wp-block-heading\" id=\"a-ca-a-ete-roland-barthes-la-chambre-claire-1980\" data-block-type=\"core\"><strong>a. \u00ab\u202f\u00c7a a \u00e9t\u00e9\u202f\u00bb \u2013 Roland Barthes (La Chambre claire, 1980)<\/strong><\/h3>\n\n\n\n<div class=\"wp-block-stackable-text stk-block-text stk-block stk-92d9bcc\" data-block-id=\"92d9bcc\"><p class=\"stk-block-text__text\">Barthes met en lumi\u00e8re l\u2019essence de la photographie\u202f: <strong>elle atteste qu\u2019un sujet a exist\u00e9<\/strong>. L\u2019\u00e9motion na\u00eet de cette pr\u00e9sence fig\u00e9e dans le temps. La photographie devient ainsi un pont entre la vie et ce qui a \u00e9t\u00e9, suscitant nostalgie, r\u00e9flexion et m\u00e9ditation\u202f.<\/p><\/div>\n\n\n\n<h3 class=\"wp-block-heading\" id=\"b-aura-et-reproductibilite-walter-benjamin\" data-block-type=\"core\"><strong>b. \u00ab\u202fAura\u202f\u00bb et reproductibilit\u00e9 \u2013 Walter Benjamin<\/strong><\/h3>\n\n\n\n<div class=\"wp-block-stackable-text stk-block-text stk-block stk-7d9c3d2\" data-block-id=\"7d9c3d2\"><style>.stk-7d9c3d2 {margin-bottom:50px !important;}<\/style><p class=\"stk-block-text__text\">Benjamin explique que la reproduction technique, comme la photo, enl\u00e8ve l\u2019\u00ab\u202faura\u202f\u00bb unique de l\u2019\u0153uvre d\u2019art. Mais cette d\u00e9perdition ouvre aussi une nouvelle dimension\u202f: l\u2019art devient accessible, partageable, potentiellement d\u00e9mocratique\u202f&nbsp;.<\/p><\/div>\n\n\n\n<div class=\"wp-block-stackable-heading stk-block-heading stk-block-heading--v2 stk-block stk-650df2c\" id=\"5-strong-toute-photographie-nest-pas-une-oeuvre-dart-strong\" data-block-id=\"650df2c\"><style>.stk-650df2c .stk-block-heading__bottom-line{background-color:var(--theme-palette-color-2, #a6003c  ) !important;}<\/style><h2 class=\"stk-block-heading__text\">5.<strong>&nbsp;Toute photographie n\u2019est pas une \u0153uvre d\u2019art<\/strong><\/h2><div class=\"stk-block-heading__bottom-line\"><\/div><\/div>\n\n\n\n<div class=\"wp-block-stackable-columns stk-block-columns stk-block stk-0ccc154 stk-block-background\" data-block-id=\"0ccc154\"><style>.stk-0ccc154 {background-color:var(--theme-palette-color-6, #f2f5f7) !important;}.stk-0ccc154:before{background-color:var(--theme-palette-color-6, #f2f5f7) !important;}<\/style><div class=\"stk-row stk-inner-blocks stk-block-content stk-content-align stk-0ccc154-column\">\n<div class=\"wp-block-stackable-column stk-block-column stk-column stk-block stk-85a8acd\" data-v=\"4\" data-block-id=\"85a8acd\"><style>.stk-85a8acd {align-self:center !important;}<\/style><div class=\"stk-column-wrapper stk-block-column__content stk-container stk-85a8acd-container stk--no-background stk--no-padding\"><div class=\"stk-block-content stk-inner-blocks stk-85a8acd-inner-blocks\">\n<div class=\"wp-block-stackable-text stk-block-text stk-block stk-4c34d70\" data-block-id=\"4c34d70\"><p class=\"stk-block-text__text\"><strong>Reconna\u00eetre que la photographie peut \u00eatre un art ne signifie pas que&nbsp;toute&nbsp;photo en est une.<\/strong> Il en va de m\u00eame pour la peinture ou la musique : toutes les toiles ou toutes les chansons ne sont pas des chefs-d\u2019\u0153uvre. Une photo d\u2019identit\u00e9, une image de produit, une capture prise machinalement ne rel\u00e8vent pas de la m\u00eame intention qu\u2019un tirage Fine Art expos\u00e9 dans une galerie.<\/p><\/div>\n\n\n\n<div class=\"wp-block-stackable-text stk-block-text stk-block stk-d809213\" data-block-id=\"d809213\"><p class=\"stk-block-text__text\"><strong>L\u2019art suppose une d\u00e9marche :&nbsp;intention, narration, \u00e9motion, style<\/strong>. Une image banale peut parfois devenir artistique par son contexte ou son traitement  mais cela demande un regard, un travail. <strong>Le photographe Annie Leibovitz, par exemple, transforme un portrait en sc\u00e8ne th\u00e9\u00e2trale, en r\u00e9v\u00e9lant une facette intime et inattendue du sujet. C\u2019est cette&nbsp;profondeur symbolique et esth\u00e9tique&nbsp;qui fait basculer l\u2019image dans le champ artistique.<\/strong><\/p><\/div>\n<\/div><\/div><\/div>\n\n\n\n<div class=\"wp-block-stackable-column stk-block-column stk-column stk-block stk-a514dc8\" data-v=\"4\" data-block-id=\"a514dc8\"><div class=\"stk-column-wrapper stk-block-column__content stk-container stk-a514dc8-container stk--no-background stk--no-padding\"><div class=\"stk-block-content stk-inner-blocks stk-a514dc8-inner-blocks\">\n<div class=\"wp-block-stackable-image stk-block-image stk-block stk-ac8fe40 stk-block-background\" data-block-id=\"ac8fe40\"><style>.stk-ac8fe40 .stk-img-figcaption{text-align:center !important;font-size:12px !important;color:var(--theme-palette-color-1, #1f093c) !important;}.stk-ac8fe40 {background-color:var(--theme-palette-color-5, #e1e8ed) !important;box-shadow:0px 70px 90px -20px rgba(72, 73, 121, 0.30) !important;border-color:var(--theme-palette-color-8, #ffffff) !important;border-top-width:10px !important;border-right-width:10px !important;border-bottom-width:10px !important;border-left-width:10px !important;}.stk-ac8fe40:before{background-color:var(--theme-palette-color-5, #e1e8ed) !important;}@media screen and (max-width:999px){.stk-ac8fe40 .stk-img-figcaption{font-size:12px !important;}}<\/style><figure><span class=\"stk-img-wrapper stk-image--shape-stretch\"><img loading=\"lazy\" decoding=\"async\" class=\"stk-img wp-image-259735\" src=\"https:\/\/www.dragonstreetphotography.eu\/wp-content\/uploads\/2025\/09\/Vosges-Nature.jpg\" width=\"1000\" height=\"667\" alt=\"La Photographie est un art ?\" srcset=\"https:\/\/www.dragonstreetphotography.eu\/wp-content\/uploads\/2025\/09\/Vosges-Nature.jpg 1000w, https:\/\/www.dragonstreetphotography.eu\/wp-content\/uploads\/2025\/09\/Vosges-Nature-18x12.jpg 18w\" sizes=\"auto, (max-width: 1000px) 100vw, 1000px\" \/><\/span><figcaption class=\"has-text-color stk-img-figcaption\"><em>La Photographie est un art ?<\/em><\/figcaption><\/figure><\/div>\n<\/div><\/div><\/div>\n<\/div><\/div>\n\n\n\n<div class=\"wp-block-stackable-text stk-block-text stk-block stk-548d81e\" data-block-id=\"548d81e\"><style>.stk-548d81e {margin-bottom:50px !important;}<\/style><p class=\"stk-block-text__text\">\u00c0 l\u2019inverse, une photo purement technique, m\u00eame parfaite, peut rester froide et sans \u00e2me. L\u2019art commence quand&nbsp;la technique est mise au service d\u2019une \u00e9motion ou d\u2019une vision. C\u2019est ici que se joue la distinction : dans le passage de la simple prise de vue \u00e0 l\u2019intention artistique.<\/p><\/div>\n\n\n\n<div class=\"wp-block-stackable-heading stk-block-heading stk-block-heading--v2 stk-block stk-d84617e\" id=\"strong-6-numerique-ia-authenticite-un-nouveau-tournant-strong\" data-block-id=\"d84617e\"><style>.stk-d84617e .stk-block-heading__bottom-line{background-color:var(--theme-palette-color-2, #a6003c  ) !important;}<\/style><h2 class=\"stk-block-heading__text\"><strong>6. Num\u00e9rique, IA, authenticit\u00e9 : un nouveau tournant<\/strong><\/h2><div class=\"stk-block-heading__bottom-line\"><\/div><\/div>\n\n\n\n<div class=\"wp-block-stackable-text stk-block-text stk-block stk-1937073\" data-block-id=\"1937073\"><p class=\"stk-block-text__text\">Avec la r\u00e9volution num\u00e9rique, la photographie a connu une d\u00e9mocratisation sans pr\u00e9c\u00e9dent. Mais cette accessibilit\u00e9 soul\u00e8ve aussi des doutes. Si tout le monde peut faire de belles images en quelques secondes, o\u00f9 est la valeur artistique\u202f?<\/p><\/div>\n\n\n\n<div class=\"wp-block-stackable-text stk-block-text stk-block stk-42ae29e\" data-block-id=\"42ae29e\"><p class=\"stk-block-text__text\">Les logiciels de retouche, les filtres automatiques, l\u2019intelligence artificielle rendent aujourd\u2019hui possible la cr\u00e9ation d\u2019images \u00ab\u202fparfaites\u202f\u00bb sans effort\u2026 ou presque. Des portraits g\u00e9n\u00e9r\u00e9s par IA, des paysages enti\u00e8rement recompos\u00e9s, des ciels chang\u00e9s, des couleurs satur\u00e9es jusqu\u2019\u00e0 l\u2019irr\u00e9el : certains y voient une menace pour l\u2019art, d\u2019autres une nouvelle fronti\u00e8re.<\/p><\/div>\n\n\n\n<div class=\"wp-block-stackable-text stk-block-text stk-block stk-18238cd\" data-block-id=\"18238cd\"><p class=\"stk-block-text__text\">Mais l\u00e0 encore, l\u2019art ne se r\u00e9sume pas \u00e0 l\u2019outil. Ce n\u2019est pas l\u2019appareil photo qui fait l\u2019\u0153uvre, mais celui qui le manipule. <strong>M\u00eame avec l\u2019IA, l\u2019intention, le choix, l\u2019\u00e9motion transmise restent d\u00e9cisifs.<\/strong> Une image g\u00e9n\u00e9r\u00e9e sans sens n\u2019est pas de l\u2019art. Une image cr\u00e9\u00e9e avec un outil num\u00e9rique, mais avec une vision profonde, peut en \u00eatre. (Vous pouvez aussi lire mon article : <a href=\"https:\/\/www.dragonstreetphotography.net\/ia-et-retouche-photo\/\" target=\"_blank\" rel=\"noreferrer noopener\">L&#8217;IA et la retouche photo terrifiant ?<\/a> )<\/p><\/div>\n\n\n\n<div class=\"wp-block-stackable-text stk-block-text stk-block stk-1a145f6\" data-block-id=\"1a145f6\"><style>.stk-1a145f6 {margin-bottom:50px !important;}<\/style><p class=\"stk-block-text__text\">Ce d\u00e9bat renvoie \u00e0 une autre question philosophique : <strong>qu\u2019est-ce qui fait \u0153uvre\u202f? L\u2019effort\u202f? La raret\u00e9\u202f? Ou la capacit\u00e9 \u00e0 nous \u00e9mouvoir, \u00e0 nous faire penser, \u00e0 nous \u00e9merveiller\u202f?<\/strong> <strong>La photographie num\u00e9rique<\/strong>, loin de tuer l\u2019art, <strong>pousse \u00e0 s\u2019interroger sur la nature m\u00eame de la cr\u00e9ation.<\/strong><\/p><\/div>\n\n\n\n<div class=\"wp-block-stackable-heading stk-block-heading stk-block-heading--v2 stk-block stk-e2a6d04\" id=\"strong-7-quatre-nouveaux-regards-pour-enrichir-la-discussion-strong\" data-block-id=\"e2a6d04\"><style>.stk-e2a6d04 .stk-block-heading__bottom-line{background-color:var(--theme-palette-color-2, #a6003c  ) !important;}<\/style><h2 class=\"stk-block-heading__text\"><strong>7. Quatre nouveaux regards pour enrichir la discussion<\/strong><\/h2><div class=\"stk-block-heading__bottom-line\"><\/div><\/div>\n\n\n\n<h3 class=\"wp-block-heading\" id=\"a-la-photographie-comme-dialogue-entre-lhumain-et-le-paysage\" data-block-type=\"core\"><strong> a. La photographie comme dialogue entre l\u2019humain et le paysage<\/strong><\/h3>\n\n\n\n<div class=\"wp-block-stackable-text stk-block-text stk-block stk-45089da\" data-block-id=\"45089da\"><p class=\"stk-block-text__text\">Lorsqu\u2019un photographe de nature d\u00e9clenche son appareil, il ne se contente pas de \u00ab\u202fprendre une photo\u202f\u00bb. <strong>Il engage un dialogue silencieux avec un lieu, une lumi\u00e8re, une atmosph\u00e8re.<\/strong> Ce n\u2019est pas la r\u00e9alit\u00e9 brute qui est captur\u00e9e, mais&nbsp;une relation entre le sujet et le photographe. Dans ce face-\u00e0-face avec la nature, chaque image devient un reflet int\u00e9rieur.<strong> En ce sens, la photographie devient une&nbsp;forme de m\u00e9ditation visuelle, un art de la pr\u00e9sence au monde.<\/strong> C&#8217;est exactement ma vision personnelle. \ud83e\uddd0<\/p><\/div>\n\n\n\n<h3 class=\"wp-block-heading\" id=\"b-lecologie-de-limage-photographier-comme-acte-conscient\" data-block-type=\"core\"><strong> b. L\u2019\u00e9cologie de l\u2019image : photographier comme acte conscient<\/strong><\/h3>\n\n\n\n<div class=\"wp-block-stackable-text stk-block-text stk-block stk-5258c11\" data-block-id=\"5258c11\"><p class=\"stk-block-text__text\">\u00c0 une \u00e9poque o\u00f9 des milliards d\u2019images sont produites chaque jour, photographier peut devenir un geste futile\u2026 ou au contraire un acte profond. Adopter une&nbsp;\u00e9cologie de l\u2019image, c\u2019est refuser la surconsommation visuelle et choisir de photographier avec parcimonie, respect, lenteur.  Dans cette perspective,&nbsp;chaque image devient pr\u00e9cieuse. <strong>Elle est pens\u00e9e, ressentie, ajust\u00e9e. L\u2019artiste n\u2019est pas celui qui accumule, mais celui qui choisit, qui \u00e9pure.<\/strong> <\/p><\/div>\n\n\n\n<h3 class=\"wp-block-heading\" id=\"c-lintervention-minimale-comme-art-du-voyage\" data-block-type=\"core\"><strong> c. L\u2019intervention minimale comme art du voyage<\/strong><\/h3>\n\n\n\n<div class=\"wp-block-stackable-text stk-block-text stk-block stk-9ee9bcd\" data-block-id=\"9ee9bcd\"><p class=\"stk-block-text__text\">En voyage, surtout en nature, intervenir le moins possible devient une vertu. Attendre la bonne lumi\u00e8re, ne pas d\u00e9ranger un animal, respecter un lieu sacr\u00e9 : <strong>autant de gestes&nbsp;\u00e9thiques et artistiques \u00e0 la fois.<\/strong> L\u2019art photographique du voyageur r\u00e9side souvent dans <strong>sa capacit\u00e9 \u00e0&nbsp;s\u2019effacer pour mieux r\u00e9v\u00e9ler<\/strong>. \u00c0 laisser parler le monde, au lieu de l\u2019imposer. <strong>\u00c0 capter l\u2019instant, sans le forcer. Un art du retrait, de l\u2019\u00e9coute, du rythme juste<\/strong>.<\/p><\/div>\n\n\n\n<h3 class=\"wp-block-heading\" id=\"d-la-photographie-collaborative-au-service-de-lautre\" data-block-type=\"core\"><strong> d. La photographie collaborative : au service de l\u2019autre<\/strong><\/h3>\n\n\n\n<div class=\"wp-block-stackable-text stk-block-text stk-block stk-511c526\" data-block-id=\"511c526\"><style>.stk-511c526 {margin-bottom:50px !important;}<\/style><p class=\"stk-block-text__text\">Enfin, une nouvelle dimension s\u2019ouvre : celle de&nbsp;la photographie partag\u00e9e et inclusive. Photographier un village, un rituel, un visage, ce n\u2019est pas seulement en faire une image esth\u00e9tique. C\u2019est aussi&nbsp;transmettre un message, une m\u00e9moire, une identit\u00e9. Quand un photographe retourne les images \u00e0 ceux qu\u2019il photographie, quand il travaille avec des communaut\u00e9s locales ou co-signe des projets, l\u2019image devient un pont. <strong>La photographie sort de l\u2019ego pour devenir&nbsp;relation, dialogue, reconnaissance. Et cela aussi, c\u2019est profond\u00e9ment artistique.<\/strong><\/p><\/div>\n\n\n\n<div class=\"wp-block-stackable-heading stk-block-heading stk-block-heading--v2 stk-block stk-c8defe1\" id=\"8-c-strong-onclusion-strong\" data-block-id=\"c8defe1\"><style>.stk-c8defe1 .stk-block-heading__bottom-line{background-color:var(--theme-palette-color-2, #a6003c  ) !important;}<\/style><h2 class=\"stk-block-heading__text\">8. C<strong>onclusion<\/strong><\/h2><div class=\"stk-block-heading__bottom-line\"><\/div><\/div>\n\n\n\n<div class=\"wp-block-stackable-text stk-block-text stk-block stk-4784194\" data-block-id=\"4784194\"><p class=\"stk-block-text__text\"><strong>La photographie est un art<\/strong>, sans doute l\u2019un des plus jeunes, mais aussi l\u2019un des plus puissants. Elle ne se d\u00e9finit pas par son outil, ni m\u00eame par son support, mais par&nbsp;<strong>le regard qu\u2019elle porte et l\u2019\u00e9motion qu\u2019elle transmet<\/strong>. Face \u00e0 un monde en mutation, satur\u00e9 d\u2019images, <strong>revenir \u00e0 la photographie comme acte sensible, r\u00e9fl\u00e9chi, engag\u00e9 est peut-\u00eatre l\u2019un des plus beaux chemins artistiques que nous puissions emprunter.<\/strong><\/p><\/div>\n\n\n\n<div class=\"wp-block-stackable-text stk-block-text stk-block stk-f4b6819\" data-block-id=\"f4b6819\"><p class=\"stk-block-text__text\">En voyage, dans la nature, ou dans le quotidien le plus simple, une photographie peut devenir bien plus qu\u2019un souvenir : <strong>elle peut \u00eatre&nbsp;un po\u00e8me visuel, un cri du c\u0153ur, une offrande.<\/strong> Et c\u2019est en cela, plus que jamais, <strong>que la photographie est un art<\/strong>. <\/p><\/div>\n\n\n\n<div class=\"wp-block-stackable-text stk-block-text stk-block stk-fae0f38\" data-block-id=\"fae0f38\"><p class=\"stk-block-text__text\">Pour d&#8217;autres r\u00e9flexions personnelles, <a href=\"https:\/\/www.dragonstreetphotography.eu\/fr\/philosophie-photo\/\" target=\"_blank\" rel=\"noreferrer noopener\">je vous invite \u00e0 lire les articles sur cette th\u00e9matique<\/a> ou<a href=\"https:\/\/www.dragonstreetphotography.com\/-\/landscape-nature-travel-photos\/shop?subgallery=0196c03a-9091-7d57-8e8e-4cd27667e809#gallery_0196c03a-9091-7d57-8e8e-4cd27667e809\" target=\"_blank\" rel=\"noreferrer noopener\"> si vous souhaitez voyager un peu, je vous invite sur mes galeries<\/a>.<\/p><\/div>\n\n\n\n<div class=\"wp-block-stackable-text stk-block-text stk-block stk-759f0db\" data-block-id=\"759f0db\"><p class=\"stk-block-text__text\">Merci pour votre visite et lectures, et \u00e0 tr\u00e8s bient\u00f4t,<\/p><\/div>\n\n\n\n<div class=\"wp-block-stackable-text stk-block-text stk-block stk-d623816\" data-block-id=\"d623816\"><p class=\"stk-block-text__text\">David <\/p><\/div>\n\n\n\n<div class=\"wp-block-stackable-text stk-block-text stk-block stk-38d84c1\" data-block-id=\"38d84c1\"><p class=\"stk-block-text__text\"><\/p><\/div>\n","protected":false},"excerpt":{"rendered":"<p>La photographie est-elle un art ? J&#8217;essaie d&#8217;explorer une r\u00e9flexion m\u00ealant philosophie, nature et cr\u00e9ation visuelle, au-del\u00e0 du simple clich\u00e9.<\/p>\n","protected":false},"author":5864,"featured_media":259777,"comment_status":"open","ping_status":"closed","sticky":false,"template":"","format":"standard","meta":{"footnotes":""},"categories":[1368],"tags":[],"class_list":["post-259723","post","type-post","status-publish","format-standard","has-post-thumbnail","hentry","category-philosophie-photo"],"blocksy_meta":[],"_links":{"self":[{"href":"https:\/\/www.dragonstreetphotography.eu\/fr\/wp-json\/wp\/v2\/posts\/259723","targetHints":{"allow":["GET"]}}],"collection":[{"href":"https:\/\/www.dragonstreetphotography.eu\/fr\/wp-json\/wp\/v2\/posts"}],"about":[{"href":"https:\/\/www.dragonstreetphotography.eu\/fr\/wp-json\/wp\/v2\/types\/post"}],"author":[{"embeddable":true,"href":"https:\/\/www.dragonstreetphotography.eu\/fr\/wp-json\/wp\/v2\/users\/5864"}],"replies":[{"embeddable":true,"href":"https:\/\/www.dragonstreetphotography.eu\/fr\/wp-json\/wp\/v2\/comments?post=259723"}],"version-history":[{"count":0,"href":"https:\/\/www.dragonstreetphotography.eu\/fr\/wp-json\/wp\/v2\/posts\/259723\/revisions"}],"wp:featuredmedia":[{"embeddable":true,"href":"https:\/\/www.dragonstreetphotography.eu\/fr\/wp-json\/wp\/v2\/media\/259777"}],"wp:attachment":[{"href":"https:\/\/www.dragonstreetphotography.eu\/fr\/wp-json\/wp\/v2\/media?parent=259723"}],"wp:term":[{"taxonomy":"category","embeddable":true,"href":"https:\/\/www.dragonstreetphotography.eu\/fr\/wp-json\/wp\/v2\/categories?post=259723"},{"taxonomy":"post_tag","embeddable":true,"href":"https:\/\/www.dragonstreetphotography.eu\/fr\/wp-json\/wp\/v2\/tags?post=259723"}],"curies":[{"name":"wp","href":"https:\/\/api.w.org\/{rel}","templated":true}]}}